{"id":7581,"date":"2013-07-13T11:21:02","date_gmt":"2013-07-13T14:21:02","guid":{"rendered":"http:\/\/www.curva1.com.ar\/?p=7581"},"modified":"2013-07-13T11:21:02","modified_gmt":"2013-07-13T14:21:02","slug":"subastaron-el-mercedes-w196-del-chueco-fangio-en-una-cifra-record","status":"publish","type":"post","link":"https:\/\/curva1.com.ar\/?p=7581","title":{"rendered":"Subastaron el Mercedes W196 del Chueco Fangio en una cifra r\u00e9cord"},"content":{"rendered":"<p><img loading=\"lazy\" decoding=\"async\" class=\"aligncenter size-full wp-image-7582\" alt=\"51e063599c9ba_626x0\" src=\"http:\/\/www.curva1.com.ar\/wp-content\/uploads\/2013\/07\/51e063599c9ba_626x0.jpg\" width=\"500\" height=\"281\" srcset=\"https:\/\/curva1.com.ar\/wp-content\/uploads\/2013\/07\/51e063599c9ba_626x0.jpg 500w, https:\/\/curva1.com.ar\/wp-content\/uploads\/2013\/07\/51e063599c9ba_626x0-300x169.jpg 300w\" sizes=\"auto, (max-width: 500px) 100vw, 500px\" \/><\/p>\n<p>Compraron en 22,6 millones de euros el Mercedes W196 con el que Fangio gan\u00f3 el GP de Alemania de 1954.<\/p>\n<p>El Mercedes W196 con el que Juan Manuel Fangio gan\u00f3 dos Grandes Premios de F\u00f3rmula 1 se ha convertido en el coche m\u00e1s caro del mundo despu\u00e9s de que un postor an\u00f3nimo lo comprara el viernes en una subasta por 22,6 millones de euros.<\/p>\n<p>&#8220;Acabamos de ser testigos de c\u00f3mo se hace historia&#8221;, dijo el director de motor de Bonhams James Knight en la subasta celebrada en el Festival Goodwood de la Velocidad en el sur de Inglaterra.<\/p>\n<p>El anterior r\u00e9cord lo ten\u00eda un Ferrari 250 Testa Rossa de 1957 que fue vendido por 16,39 millones de d\u00f3lares (12,58 millones de euros) en 2011.<\/p>\n<p>El Mercedes-Benz de ocho cilindros y 2,5 litros que pilot\u00f3 Fangio ten\u00eda su propia historia. Los \u00e9xitos en 1954 del piloto argentino en los Grandes Premios de Alemania y Suiza fueron las primeras victorias consecutivas de la escuder\u00eda de F\u00f3rmula 1 en el regreso al deporte del equipo alem\u00e1n tras la Segunda Guerra Mundial.<\/p>\n<p>El coche compiti\u00f3 en cinco carreras clasificatorias para el campeonato del mundo. Tras el triunfo de Fangio en Suiza en 1954, el W196 fue retirado al Museo Daimler-Benz.<\/p>\n<p>Corsa.<\/p>\n","protected":false},"excerpt":{"rendered":"<p>Compraron en 22,6 millones de euros el Mercedes W196 con el que Fangio gan\u00f3 el<\/p>\n","protected":false},"author":1,"featured_media":7582,"comment_status":"open","ping_status":"closed","sticky":false,"template":"","format":"standard","meta":{"footnotes":""},"categories":[11],"tags":[],"class_list":["post-7581","post","type-post","status-publish","format-standard","has-post-thumbnail","hentry","category-mas-noticias"],"featured_image_urls":{"full":["https:\/\/curva1.com.ar\/wp-content\/uploads\/2013\/07\/51e063599c9ba_626x0.jpg",500,281,false],"thumbnail":["https:\/\/curva1.com.ar\/wp-content\/uploads\/2013\/07\/51e063599c9ba_626x0-300x169.jpg",300,169,true],"medium":["https:\/\/curva1.com.ar\/wp-content\/uploads\/2013\/07\/51e063599c9ba_626x0.jpg",500,281,false],"medium_large":["https:\/\/curva1.com.ar\/wp-content\/uploads\/2013\/07\/51e063599c9ba_626x0.jpg",500,281,false],"large":["https:\/\/curva1.com.ar\/wp-content\/uploads\/2013\/07\/51e063599c9ba_626x0.jpg",500,281,false],"1536x1536":["https:\/\/curva1.com.ar\/wp-content\/uploads\/2013\/07\/51e063599c9ba_626x0.jpg",500,281,false],"2048x2048":["https:\/\/curva1.com.ar\/wp-content\/uploads\/2013\/07\/51e063599c9ba_626x0.jpg",500,281,false],"chromenews-featured":["https:\/\/curva1.com.ar\/wp-content\/uploads\/2013\/07\/51e063599c9ba_626x0.jpg",500,281,false],"chromenews-large":["https:\/\/curva1.com.ar\/wp-content\/uploads\/2013\/07\/51e063599c9ba_626x0.jpg",500,281,false],"chromenews-medium":["https:\/\/curva1.com.ar\/wp-content\/uploads\/2013\/07\/51e063599c9ba_626x0.jpg",500,281,false]},"author_info":{"display_name":"Jos\u00e9 Bravo","author_link":"https:\/\/curva1.com.ar\/?author=1"},"category_info":"<a href=\"https:\/\/curva1.com.ar\/?cat=11\" rel=\"category\">M\u00e1s Noticias<\/a>","tag_info":"M\u00e1s Noticias","comment_count":"0","_links":{"self":[{"href":"https:\/\/curva1.com.ar\/index.php?rest_route=\/wp\/v2\/posts\/7581","targetHints":{"allow":["GET"]}}],"collection":[{"href":"https:\/\/curva1.com.ar\/index.php?rest_route=\/wp\/v2\/posts"}],"about":[{"href":"https:\/\/curva1.com.ar\/index.php?rest_route=\/wp\/v2\/types\/post"}],"author":[{"embeddable":true,"href":"https:\/\/curva1.com.ar\/index.php?rest_route=\/wp\/v2\/users\/1"}],"replies":[{"embeddable":true,"href":"https:\/\/curva1.com.ar\/index.php?rest_route=%2Fwp%2Fv2%2Fcomments&post=7581"}],"version-history":[{"count":2,"href":"https:\/\/curva1.com.ar\/index.php?rest_route=\/wp\/v2\/posts\/7581\/revisions"}],"predecessor-version":[{"id":7584,"href":"https:\/\/curva1.com.ar\/index.php?rest_route=\/wp\/v2\/posts\/7581\/revisions\/7584"}],"wp:featuredmedia":[{"embeddable":true,"href":"https:\/\/curva1.com.ar\/index.php?rest_route=\/wp\/v2\/media\/7582"}],"wp:attachment":[{"href":"https:\/\/curva1.com.ar\/index.php?rest_route=%2Fwp%2Fv2%2Fmedia&parent=7581"}],"wp:term":[{"taxonomy":"category","embeddable":true,"href":"https:\/\/curva1.com.ar\/index.php?rest_route=%2Fwp%2Fv2%2Fcategories&post=7581"},{"taxonomy":"post_tag","embeddable":true,"href":"https:\/\/curva1.com.ar\/index.php?rest_route=%2Fwp%2Fv2%2Ftags&post=7581"}],"curies":[{"name":"wp","href":"https:\/\/api.w.org\/{rel}","templated":true}]}}