{"id":7618,"date":"2013-07-13T19:54:03","date_gmt":"2013-07-13T22:54:03","guid":{"rendered":"http:\/\/www.curva1.com.ar\/?p=7618"},"modified":"2013-07-13T19:54:03","modified_gmt":"2013-07-13T22:54:03","slug":"el-cuyano-de-karting-correra-su-4o-fecha-el-28-de-julio-en-san-martin","status":"publish","type":"post","link":"https:\/\/curva1.com.ar\/?p=7618","title":{"rendered":"El Cuyano de Karting correr\u00e1 su 4\u00ba fecha el 28 de Julio en San Martin"},"content":{"rendered":"<p><img loading=\"lazy\" decoding=\"async\" class=\"aligncenter size-full wp-image-7619\" alt=\"IMG_9528\" src=\"http:\/\/www.curva1.com.ar\/wp-content\/uploads\/2013\/07\/IMG_9528.jpg\" width=\"500\" height=\"281\" srcset=\"https:\/\/curva1.com.ar\/wp-content\/uploads\/2013\/07\/IMG_9528.jpg 500w, https:\/\/curva1.com.ar\/wp-content\/uploads\/2013\/07\/IMG_9528-300x169.jpg 300w\" sizes=\"auto, (max-width: 500px) 100vw, 500px\" \/><\/p>\n<p>Se confirm\u00f3 que la cuarta fecha de la temporada se disputar\u00e1 el s\u00e1bado 27 y domingo 28 de Julio, como siempre, teniendo de escenario el kart\u00f3dromo de San Mart\u00edn, en Mendoza.<\/p>\n<p>La Asociaci\u00f3n Cuyana de Karting comienza a trabajar para esta competencia, que tendr\u00e1 m\u00e1s difusi\u00f3n publicitaria en zonas aleda\u00f1as al circuito, como as\u00ed tambi\u00e9n en algunos sectores del predio.<\/p>\n<p>Para esta nueva fecha se esperan entre tres y cuatros debutantes, m\u00e1s la visita habitual de pilotos de distintas provincias del pa\u00eds que eligen el Karting Cuyano.<\/p>\n<p><strong>PRUEBAS<\/strong><\/p>\n<p>El martes 9 de Julio hubo pruebas libres de distintas categor\u00edas.<\/p>\n<p>El equipo Goro Kart estuvo presente con Emilio Berben, que volvi\u00f3 a subirse al kart y tiene intenciones de volver en la pr\u00f3xima fecha. En la Promocional estuvo Valentino Santero, mientras que \u201cNacho\u201d y Juli\u00e1n Santero (Senior) entrenaron en el mismo kart.<\/p>\n<p>Cristian Y\u00e1\u00f1ez (Goro Kart) expres\u00f3 que<strong>\u00a0\u201cJuli\u00e1n tiene ganas de correr la pr\u00f3xima fecha en Senior, pero depende de que consiga un chasis y no le coincida con las carreras del TC2000 y F\u00f3rmula Renault 2.0\u2033.<\/strong><\/p>\n<p>Tambi\u00e9n estuvieron Ariel Iruela y Nazareno Moscetta (Senior), Agust\u00edn Di Marco (S4T) y Danilo Gil, que tuvo un inconveniente en la bomba de nafta y no pudo girar.<\/p>\n<p>El pasado jueves quienes probaron fueron Yair Sar Sar (S\u00faper 4 Tiempos) y los sanmartinianos que corren en el automovilismo nacional: Bernardo Llaver (S\u00faper TC2000) y Emmanuel C\u00e1ceres (TC2000)<\/p>\n","protected":false},"excerpt":{"rendered":"<p>Se confirm\u00f3 que la cuarta fecha de la temporada se disputar\u00e1 el s\u00e1bado 27 y<\/p>\n","protected":false},"author":1,"featured_media":7619,"comment_status":"open","ping_status":"closed","sticky":false,"template":"","format":"standard","meta":{"footnotes":""},"categories":[4],"tags":[],"class_list":["post-7618","post","type-post","status-publish","format-standard","has-post-thumbnail","hentry","category-karting"],"featured_image_urls":{"full":["https:\/\/curva1.com.ar\/wp-content\/uploads\/2013\/07\/IMG_9528.jpg",500,281,false],"thumbnail":["https:\/\/curva1.com.ar\/wp-content\/uploads\/2013\/07\/IMG_9528-300x169.jpg",300,169,true],"medium":["https:\/\/curva1.com.ar\/wp-content\/uploads\/2013\/07\/IMG_9528.jpg",500,281,false],"medium_large":["https:\/\/curva1.com.ar\/wp-content\/uploads\/2013\/07\/IMG_9528.jpg",500,281,false],"large":["https:\/\/curva1.com.ar\/wp-content\/uploads\/2013\/07\/IMG_9528.jpg",500,281,false],"1536x1536":["https:\/\/curva1.com.ar\/wp-content\/uploads\/2013\/07\/IMG_9528.jpg",500,281,false],"2048x2048":["https:\/\/curva1.com.ar\/wp-content\/uploads\/2013\/07\/IMG_9528.jpg",500,281,false],"chromenews-featured":["https:\/\/curva1.com.ar\/wp-content\/uploads\/2013\/07\/IMG_9528.jpg",500,281,false],"chromenews-large":["https:\/\/curva1.com.ar\/wp-content\/uploads\/2013\/07\/IMG_9528.jpg",500,281,false],"chromenews-medium":["https:\/\/curva1.com.ar\/wp-content\/uploads\/2013\/07\/IMG_9528.jpg",500,281,false]},"author_info":{"display_name":"Jos\u00e9 Bravo","author_link":"https:\/\/curva1.com.ar\/?author=1"},"category_info":"<a href=\"https:\/\/curva1.com.ar\/?cat=4\" rel=\"category\">Karting Asfalto<\/a>","tag_info":"Karting Asfalto","comment_count":"0","_links":{"self":[{"href":"https:\/\/curva1.com.ar\/index.php?rest_route=\/wp\/v2\/posts\/7618","targetHints":{"allow":["GET"]}}],"collection":[{"href":"https:\/\/curva1.com.ar\/index.php?rest_route=\/wp\/v2\/posts"}],"about":[{"href":"https:\/\/curva1.com.ar\/index.php?rest_route=\/wp\/v2\/types\/post"}],"author":[{"embeddable":true,"href":"https:\/\/curva1.com.ar\/index.php?rest_route=\/wp\/v2\/users\/1"}],"replies":[{"embeddable":true,"href":"https:\/\/curva1.com.ar\/index.php?rest_route=%2Fwp%2Fv2%2Fcomments&post=7618"}],"version-history":[{"count":2,"href":"https:\/\/curva1.com.ar\/index.php?rest_route=\/wp\/v2\/posts\/7618\/revisions"}],"predecessor-version":[{"id":7621,"href":"https:\/\/curva1.com.ar\/index.php?rest_route=\/wp\/v2\/posts\/7618\/revisions\/7621"}],"wp:featuredmedia":[{"embeddable":true,"href":"https:\/\/curva1.com.ar\/index.php?rest_route=\/wp\/v2\/media\/7619"}],"wp:attachment":[{"href":"https:\/\/curva1.com.ar\/index.php?rest_route=%2Fwp%2Fv2%2Fmedia&parent=7618"}],"wp:term":[{"taxonomy":"category","embeddable":true,"href":"https:\/\/curva1.com.ar\/index.php?rest_route=%2Fwp%2Fv2%2Fcategories&post=7618"},{"taxonomy":"post_tag","embeddable":true,"href":"https:\/\/curva1.com.ar\/index.php?rest_route=%2Fwp%2Fv2%2Ftags&post=7618"}],"curies":[{"name":"wp","href":"https:\/\/api.w.org\/{rel}","templated":true}]}}