{"id":7697,"date":"2013-07-15T14:43:23","date_gmt":"2013-07-15T17:43:23","guid":{"rendered":"http:\/\/www.curva1.com.ar\/?p=7697"},"modified":"2013-07-16T10:45:27","modified_gmt":"2013-07-16T13:45:27","slug":"fuerte-choque-del-equipo-de-stc2000-de-girolami-en-la-ruta-9-en-santiago-del-estero","status":"publish","type":"post","link":"https:\/\/curva1.com.ar\/?p=7697","title":{"rendered":"Fuerte choque de Showcar de STC2000 en la Ruta 9 en Santiago del Estero"},"content":{"rendered":"<p><img loading=\"lazy\" decoding=\"async\" class=\"aligncenter size-full wp-image-7698\" alt=\"ARCHI_191886\" src=\"http:\/\/www.curva1.com.ar\/wp-content\/uploads\/2013\/07\/ARCHI_191886.jpg\" width=\"500\" height=\"281\" srcset=\"https:\/\/curva1.com.ar\/wp-content\/uploads\/2013\/07\/ARCHI_191886.jpg 500w, https:\/\/curva1.com.ar\/wp-content\/uploads\/2013\/07\/ARCHI_191886-300x169.jpg 300w\" sizes=\"auto, (max-width: 500px) 100vw, 500px\" \/><\/p>\n<p>El cami\u00f3n que transportaba el auto de N\u00e9stor Girolami colision\u00f3 de frente con un colectivo en la ruta 9. Hay cuatro heridos: el conductor del trailer, los choferes y una coordinadora, que est\u00e1 grave.<\/p>\n<p>Un violento choque ocurri\u00f3 esta ma\u00f1ana entre un colectivo de pasajeros y un equipo del S\u00faper TC2000 en la ruta 9 a la altura de la localidad santiague\u00f1a de Rodeo de Soria, en cercan\u00edas de Termas de R\u00edo Hondo.<\/p>\n<p>Afortunadamente, no hubo v\u00edctimas fatales, pero s\u00ed cuatro personas heridas que fueron trasladadas al hospital de la capital provincial.<\/p>\n<p>El \u00f3mnibus de la empresa Bremar, que se dirig\u00eda desde Rosario a Salta y Jujuy, choc\u00f3 con una camioneta Chevrolet S10 del S\u00faper TC2000 que transportaba uno de los veh\u00edculos de competici\u00f3n y una motocicleta del piloto N\u00e9stor Girolami.<\/p>\n<p>Un pasajero del colectivo narr\u00f3 el accidente a\u00a0<b>Cadena 3<\/b>: <em>\u201cFue milagroso, nosotros ven\u00edamos a 70 km\/h y una chata del TC con un auto arriba mordi\u00f3 la banquina e hizo una tijera y nos peg\u00f3 a nosotros que \u00edbamos en el colectivo\u201d.<\/em><\/p>\n<p><em>\u201cLa camioneta peg\u00f3 de frente al colectivo, (\u2026) la lanza del tr\u00e1iler golpe\u00f3 en el \u00f3mnibus\u201d,<\/em> detall\u00f3.<\/p>\n<p>El conductor de la camioneta y los choferes del colectivo resultaron heridos, al igual que una de las coordinadoras de la excursi\u00f3n, la \u00fanica que reviste gravedad.<\/p>\n<p><img loading=\"lazy\" decoding=\"async\" class=\"aligncenter size-full wp-image-7699\" alt=\"ARCHI_191882\" src=\"http:\/\/www.curva1.com.ar\/wp-content\/uploads\/2013\/07\/ARCHI_191882.jpg\" width=\"500\" height=\"316\" \/> <img loading=\"lazy\" decoding=\"async\" class=\"aligncenter size-full wp-image-7700\" alt=\"ARCHI_191883\" src=\"http:\/\/www.curva1.com.ar\/wp-content\/uploads\/2013\/07\/ARCHI_191883.jpg\" width=\"500\" height=\"316\" \/> <img loading=\"lazy\" decoding=\"async\" class=\"aligncenter size-full wp-image-7701\" alt=\"ARCHI_191884\" src=\"http:\/\/www.curva1.com.ar\/wp-content\/uploads\/2013\/07\/ARCHI_191884.jpg\" width=\"500\" height=\"316\" \/> <img loading=\"lazy\" decoding=\"async\" class=\"aligncenter size-full wp-image-7702\" alt=\"ARCHI_191885\" src=\"http:\/\/www.curva1.com.ar\/wp-content\/uploads\/2013\/07\/ARCHI_191885.jpg\" width=\"500\" height=\"316\" \/><\/p>\n<p>Cadena 3.<\/p>\n","protected":false},"excerpt":{"rendered":"<p>El cami\u00f3n que transportaba el auto de N\u00e9stor Girolami colision\u00f3 de frente con un colectivo<\/p>\n","protected":false},"author":1,"featured_media":7698,"comment_status":"open","ping_status":"closed","sticky":false,"template":"","format":"standard","meta":{"footnotes":""},"categories":[6],"tags":[],"class_list":["post-7697","post","type-post","status-publish","format-standard","has-post-thumbnail","hentry","category-nacionales"],"featured_image_urls":{"full":["https:\/\/curva1.com.ar\/wp-content\/uploads\/2013\/07\/ARCHI_191886.jpg",500,281,false],"thumbnail":["https:\/\/curva1.com.ar\/wp-content\/uploads\/2013\/07\/ARCHI_191886-300x169.jpg",300,169,true],"medium":["https:\/\/curva1.com.ar\/wp-content\/uploads\/2013\/07\/ARCHI_191886.jpg",500,281,false],"medium_large":["https:\/\/curva1.com.ar\/wp-content\/uploads\/2013\/07\/ARCHI_191886.jpg",500,281,false],"large":["https:\/\/curva1.com.ar\/wp-content\/uploads\/2013\/07\/ARCHI_191886.jpg",500,281,false],"1536x1536":["https:\/\/curva1.com.ar\/wp-content\/uploads\/2013\/07\/ARCHI_191886.jpg",500,281,false],"2048x2048":["https:\/\/curva1.com.ar\/wp-content\/uploads\/2013\/07\/ARCHI_191886.jpg",500,281,false],"chromenews-featured":["https:\/\/curva1.com.ar\/wp-content\/uploads\/2013\/07\/ARCHI_191886.jpg",500,281,false],"chromenews-large":["https:\/\/curva1.com.ar\/wp-content\/uploads\/2013\/07\/ARCHI_191886.jpg",500,281,false],"chromenews-medium":["https:\/\/curva1.com.ar\/wp-content\/uploads\/2013\/07\/ARCHI_191886.jpg",500,281,false]},"author_info":{"display_name":"Jos\u00e9 Bravo","author_link":"https:\/\/curva1.com.ar\/?author=1"},"category_info":"<a href=\"https:\/\/curva1.com.ar\/?cat=6\" rel=\"category\">Nacionales<\/a>","tag_info":"Nacionales","comment_count":"0","_links":{"self":[{"href":"https:\/\/curva1.com.ar\/index.php?rest_route=\/wp\/v2\/posts\/7697","targetHints":{"allow":["GET"]}}],"collection":[{"href":"https:\/\/curva1.com.ar\/index.php?rest_route=\/wp\/v2\/posts"}],"about":[{"href":"https:\/\/curva1.com.ar\/index.php?rest_route=\/wp\/v2\/types\/post"}],"author":[{"embeddable":true,"href":"https:\/\/curva1.com.ar\/index.php?rest_route=\/wp\/v2\/users\/1"}],"replies":[{"embeddable":true,"href":"https:\/\/curva1.com.ar\/index.php?rest_route=%2Fwp%2Fv2%2Fcomments&post=7697"}],"version-history":[{"count":2,"href":"https:\/\/curva1.com.ar\/index.php?rest_route=\/wp\/v2\/posts\/7697\/revisions"}],"predecessor-version":[{"id":7752,"href":"https:\/\/curva1.com.ar\/index.php?rest_route=\/wp\/v2\/posts\/7697\/revisions\/7752"}],"wp:featuredmedia":[{"embeddable":true,"href":"https:\/\/curva1.com.ar\/index.php?rest_route=\/wp\/v2\/media\/7698"}],"wp:attachment":[{"href":"https:\/\/curva1.com.ar\/index.php?rest_route=%2Fwp%2Fv2%2Fmedia&parent=7697"}],"wp:term":[{"taxonomy":"category","embeddable":true,"href":"https:\/\/curva1.com.ar\/index.php?rest_route=%2Fwp%2Fv2%2Fcategories&post=7697"},{"taxonomy":"post_tag","embeddable":true,"href":"https:\/\/curva1.com.ar\/index.php?rest_route=%2Fwp%2Fv2%2Ftags&post=7697"}],"curies":[{"name":"wp","href":"https:\/\/api.w.org\/{rel}","templated":true}]}}