{"id":7704,"date":"2013-07-15T14:55:55","date_gmt":"2013-07-15T17:55:55","guid":{"rendered":"http:\/\/www.curva1.com.ar\/?p=7704"},"modified":"2020-04-10T14:13:10","modified_gmt":"2020-04-10T17:13:10","slug":"video-coyote-villagra-atropello-una-vaca-en-el-rally-de-la-rioja","status":"publish","type":"post","link":"https:\/\/curva1.com.ar\/?p=7704","title":{"rendered":"&#8220;Coyote&#8221; Villagra atropell\u00f3 una vaca en el Rally de La Rioja"},"content":{"rendered":"<p>El cordob\u00e9s Federico Villagra no tuvo un buen paso por La Rioja. Aunque comenz\u00f3 esta quinta cita del a\u00f1o con el triunfo en el tramo cronometrado, todo cambi\u00f3 al momento de acelerar por los puntos.<\/p>\n<p>En la tercera prueba especial de la primera etapa tuvo un desperfecto en el motor de su Ford Fiesta y debi\u00f3 abandonar. El equipo VRS trabaj\u00f3 varias horas para cambiar el impulsor con vistas a tomarse revancha el domingo.<\/p>\n<p>Sin embargo, la mala suerte continu\u00f3. Esta vez fue en el noveno tramo y por un incidente singular: Villagra no pudo esquivar a una vaca que estaba en el medio del camino y da\u00f1\u00f3 toda la parte delantera de su auto, algo que provoc\u00f3 la deserci\u00f3n definitiva.<\/p>\n<p style=\"text-align: center;\"><iframe loading=\"lazy\" src=\"\/\/www.youtube.com\/embed\/95fwC20kJD4?rel=0\" width=\"500\" height=\"281\" frameborder=\"0\" allowfullscreen=\"allowfullscreen\"><\/iframe><\/p>\n","protected":false},"excerpt":{"rendered":"<p>El cordob\u00e9s Federico Villagra no tuvo un buen paso por La Rioja. Aunque comenz\u00f3 esta<\/p>\n","protected":false},"author":1,"featured_media":29912,"comment_status":"open","ping_status":"closed","sticky":false,"template":"","format":"video","meta":{"footnotes":""},"categories":[6],"tags":[],"class_list":["post-7704","post","type-post","status-publish","format-video","has-post-thumbnail","hentry","category-nacionales","post_format-post-format-video"],"featured_image_urls":{"full":["https:\/\/curva1.com.ar\/wp-content\/uploads\/2013\/07\/asdf-1.jpg",1078,606,false],"thumbnail":["https:\/\/curva1.com.ar\/wp-content\/uploads\/2013\/07\/asdf-1-300x169.jpg",300,169,true],"medium":["https:\/\/curva1.com.ar\/wp-content\/uploads\/2013\/07\/asdf-1-960x540.jpg",960,540,true],"medium_large":["https:\/\/curva1.com.ar\/wp-content\/uploads\/2013\/07\/asdf-1-768x432.jpg",640,360,true],"large":["https:\/\/curva1.com.ar\/wp-content\/uploads\/2013\/07\/asdf-1-960x540.jpg",640,360,true],"1536x1536":["https:\/\/curva1.com.ar\/wp-content\/uploads\/2013\/07\/asdf-1.jpg",1078,606,false],"2048x2048":["https:\/\/curva1.com.ar\/wp-content\/uploads\/2013\/07\/asdf-1.jpg",1078,606,false],"chromenews-featured":["https:\/\/curva1.com.ar\/wp-content\/uploads\/2013\/07\/asdf-1.jpg",1024,576,false],"chromenews-large":["https:\/\/curva1.com.ar\/wp-content\/uploads\/2013\/07\/asdf-1.jpg",825,464,false],"chromenews-medium":["https:\/\/curva1.com.ar\/wp-content\/uploads\/2013\/07\/asdf-1.jpg",590,332,false]},"author_info":{"display_name":"Jos\u00e9 Bravo","author_link":"https:\/\/curva1.com.ar\/?author=1"},"category_info":"<a href=\"https:\/\/curva1.com.ar\/?cat=6\" rel=\"category\">Nacionales<\/a>","tag_info":"Nacionales","comment_count":"0","_links":{"self":[{"href":"https:\/\/curva1.com.ar\/index.php?rest_route=\/wp\/v2\/posts\/7704","targetHints":{"allow":["GET"]}}],"collection":[{"href":"https:\/\/curva1.com.ar\/index.php?rest_route=\/wp\/v2\/posts"}],"about":[{"href":"https:\/\/curva1.com.ar\/index.php?rest_route=\/wp\/v2\/types\/post"}],"author":[{"embeddable":true,"href":"https:\/\/curva1.com.ar\/index.php?rest_route=\/wp\/v2\/users\/1"}],"replies":[{"embeddable":true,"href":"https:\/\/curva1.com.ar\/index.php?rest_route=%2Fwp%2Fv2%2Fcomments&post=7704"}],"version-history":[{"count":4,"href":"https:\/\/curva1.com.ar\/index.php?rest_route=\/wp\/v2\/posts\/7704\/revisions"}],"predecessor-version":[{"id":29913,"href":"https:\/\/curva1.com.ar\/index.php?rest_route=\/wp\/v2\/posts\/7704\/revisions\/29913"}],"wp:featuredmedia":[{"embeddable":true,"href":"https:\/\/curva1.com.ar\/index.php?rest_route=\/wp\/v2\/media\/29912"}],"wp:attachment":[{"href":"https:\/\/curva1.com.ar\/index.php?rest_route=%2Fwp%2Fv2%2Fmedia&parent=7704"}],"wp:term":[{"taxonomy":"category","embeddable":true,"href":"https:\/\/curva1.com.ar\/index.php?rest_route=%2Fwp%2Fv2%2Fcategories&post=7704"},{"taxonomy":"post_tag","embeddable":true,"href":"https:\/\/curva1.com.ar\/index.php?rest_route=%2Fwp%2Fv2%2Ftags&post=7704"}],"curies":[{"name":"wp","href":"https:\/\/api.w.org\/{rel}","templated":true}]}}