{"id":7728,"date":"2013-07-15T21:34:20","date_gmt":"2013-07-16T00:34:20","guid":{"rendered":"http:\/\/www.curva1.com.ar\/?p=7728"},"modified":"2020-04-10T14:11:26","modified_gmt":"2020-04-10T17:11:26","slug":"video-mira-el-choque-de-mole-mauri-y-girala-ocurrido-ayer-en-el-zonda","status":"publish","type":"post","link":"https:\/\/curva1.com.ar\/?p=7728","title":{"rendered":"Mira el choque de Mol\u00e9, Mauri y Girala ocurrido en El Zonda"},"content":{"rendered":"<p>El programa Especial Motor, que se emite los domingos por Canal 9 Mendoza, public\u00f3 en Youtube las im\u00e1genes del choque de ayer en el aut\u00f3dromo de San Juan.<\/p>\n<p>El incidente ocurri\u00f3 en la final de la Clase 2 entre Caito Mol\u00e9 (Escort blanco), Pablo Mauri (Gol azul) y Abdo Girala (Gol amarillo y negro). Los pilotos salieron ilesos.<\/p>\n<blockquote><p><a href=\"http:\/\/www.curva1.com.ar\/?p=7648\" target=\"_blank\" rel=\"noopener noreferrer\"><strong>Ver informe y fotos del accidente<\/strong><\/a><\/p><\/blockquote>\n<p style=\"text-align: center;\"><iframe loading=\"lazy\" src=\"\/\/www.youtube.com\/embed\/3CjOEDKa9Nc?rel=0\" width=\"500\" height=\"281\" frameborder=\"0\" allowfullscreen=\"allowfullscreen\"><\/iframe><\/p>\n<p>&nbsp;<\/p>\n","protected":false},"excerpt":{"rendered":"<p>El programa Especial Motor, que se emite los domingos por Canal 9 Mendoza, public\u00f3 en<\/p>\n","protected":false},"author":1,"featured_media":29909,"comment_status":"open","ping_status":"closed","sticky":false,"template":"","format":"video","meta":{"footnotes":""},"categories":[1],"tags":[],"class_list":["post-7728","post","type-post","status-publish","format-video","has-post-thumbnail","hentry","category-zonal-cuyano","post_format-post-format-video"],"featured_image_urls":{"full":["https:\/\/curva1.com.ar\/wp-content\/uploads\/2013\/07\/asdfasfee.jpg",901,507,false],"thumbnail":["https:\/\/curva1.com.ar\/wp-content\/uploads\/2013\/07\/asdfasfee-300x169.jpg",300,169,true],"medium":["https:\/\/curva1.com.ar\/wp-content\/uploads\/2013\/07\/asdfasfee.jpg",901,507,false],"medium_large":["https:\/\/curva1.com.ar\/wp-content\/uploads\/2013\/07\/asdfasfee-768x432.jpg",640,360,true],"large":["https:\/\/curva1.com.ar\/wp-content\/uploads\/2013\/07\/asdfasfee.jpg",640,360,false],"1536x1536":["https:\/\/curva1.com.ar\/wp-content\/uploads\/2013\/07\/asdfasfee.jpg",901,507,false],"2048x2048":["https:\/\/curva1.com.ar\/wp-content\/uploads\/2013\/07\/asdfasfee.jpg",901,507,false],"chromenews-featured":["https:\/\/curva1.com.ar\/wp-content\/uploads\/2013\/07\/asdfasfee.jpg",901,507,false],"chromenews-large":["https:\/\/curva1.com.ar\/wp-content\/uploads\/2013\/07\/asdfasfee.jpg",825,464,false],"chromenews-medium":["https:\/\/curva1.com.ar\/wp-content\/uploads\/2013\/07\/asdfasfee.jpg",590,332,false]},"author_info":{"display_name":"Jos\u00e9 Bravo","author_link":"https:\/\/curva1.com.ar\/?author=1"},"category_info":"<a href=\"https:\/\/curva1.com.ar\/?cat=1\" rel=\"category\">Zonal Cuyano<\/a>","tag_info":"Zonal Cuyano","comment_count":"0","_links":{"self":[{"href":"https:\/\/curva1.com.ar\/index.php?rest_route=\/wp\/v2\/posts\/7728","targetHints":{"allow":["GET"]}}],"collection":[{"href":"https:\/\/curva1.com.ar\/index.php?rest_route=\/wp\/v2\/posts"}],"about":[{"href":"https:\/\/curva1.com.ar\/index.php?rest_route=\/wp\/v2\/types\/post"}],"author":[{"embeddable":true,"href":"https:\/\/curva1.com.ar\/index.php?rest_route=\/wp\/v2\/users\/1"}],"replies":[{"embeddable":true,"href":"https:\/\/curva1.com.ar\/index.php?rest_route=%2Fwp%2Fv2%2Fcomments&post=7728"}],"version-history":[{"count":8,"href":"https:\/\/curva1.com.ar\/index.php?rest_route=\/wp\/v2\/posts\/7728\/revisions"}],"predecessor-version":[{"id":29911,"href":"https:\/\/curva1.com.ar\/index.php?rest_route=\/wp\/v2\/posts\/7728\/revisions\/29911"}],"wp:featuredmedia":[{"embeddable":true,"href":"https:\/\/curva1.com.ar\/index.php?rest_route=\/wp\/v2\/media\/29909"}],"wp:attachment":[{"href":"https:\/\/curva1.com.ar\/index.php?rest_route=%2Fwp%2Fv2%2Fmedia&parent=7728"}],"wp:term":[{"taxonomy":"category","embeddable":true,"href":"https:\/\/curva1.com.ar\/index.php?rest_route=%2Fwp%2Fv2%2Fcategories&post=7728"},{"taxonomy":"post_tag","embeddable":true,"href":"https:\/\/curva1.com.ar\/index.php?rest_route=%2Fwp%2Fv2%2Ftags&post=7728"}],"curies":[{"name":"wp","href":"https:\/\/api.w.org\/{rel}","templated":true}]}}