{"id":7775,"date":"2013-07-16T22:44:27","date_gmt":"2013-07-17T01:44:27","guid":{"rendered":"http:\/\/www.curva1.com.ar\/?p=7775"},"modified":"2013-07-16T22:44:27","modified_gmt":"2013-07-17T01:44:27","slug":"aclaraciones-sobre-la-situacion-de-la-categoria-tc-tradicional","status":"publish","type":"post","link":"https:\/\/curva1.com.ar\/?p=7775","title":{"rendered":"Aclaraciones sobre la situaci\u00f3n de la categor\u00eda TC Tradicional"},"content":{"rendered":"<p><img loading=\"lazy\" decoding=\"async\" class=\"aligncenter size-full wp-image-7776\" alt=\"1044139_148484422010528_1231478101_n\" src=\"http:\/\/www.curva1.com.ar\/wp-content\/uploads\/2013\/07\/1044139_148484422010528_1231478101_n1.jpg\" width=\"500\" height=\"281\" srcset=\"https:\/\/curva1.com.ar\/wp-content\/uploads\/2013\/07\/1044139_148484422010528_1231478101_n1.jpg 500w, https:\/\/curva1.com.ar\/wp-content\/uploads\/2013\/07\/1044139_148484422010528_1231478101_n1-300x169.jpg 300w\" sizes=\"auto, (max-width: 500px) 100vw, 500px\" \/><\/p>\n<p>Hugo Mar\u00ed se comunic\u00f3 con Curva 1 para aclarar un aspecto de la categor\u00eda <strong>&#8220;Vale la pena hacer una aclaracion sobre lo ocurrido en el TC Tradicional. Luego de una reunion que tuvimos con distintas partes, pilotos, preparadores, ACT y Comision Tecnica de Femad de Mendoza, se pudo advertir que todo lo ocurrido fue una simple confusi\u00f2n, fruto de malos entendidos y ditintas interpretaciones, y donde todas las partes de algun modo fueron responsables de \u00e8sta situaci\u00f2n&#8221;. <\/strong><\/p>\n<p><strong>&#8220;Por todo lo anterior quiero pedir disculpas al delegado, Sr. Pepe Gelabert, a quien en principio lo mencione como unico responsable de todo lo ocurrido. Por suerte ya esta todo solucionado y la categoria esta trabajando a full para este 21 en el Guido Maineri&#8221;<\/strong> finaliz\u00f3 el presidente de ACT.<\/p>\n","protected":false},"excerpt":{"rendered":"<p>Hugo Mar\u00ed se comunic\u00f3 con Curva 1 para aclarar un aspecto de la categor\u00eda &#8220;Vale<\/p>\n","protected":false},"author":1,"featured_media":7776,"comment_status":"open","ping_status":"closed","sticky":false,"template":"","format":"standard","meta":{"footnotes":""},"categories":[3],"tags":[],"class_list":["post-7775","post","type-post","status-publish","format-standard","has-post-thumbnail","hentry","category-tradicionales"],"featured_image_urls":{"full":["https:\/\/curva1.com.ar\/wp-content\/uploads\/2013\/07\/1044139_148484422010528_1231478101_n1.jpg",500,281,false],"thumbnail":["https:\/\/curva1.com.ar\/wp-content\/uploads\/2013\/07\/1044139_148484422010528_1231478101_n1-300x169.jpg",300,169,true],"medium":["https:\/\/curva1.com.ar\/wp-content\/uploads\/2013\/07\/1044139_148484422010528_1231478101_n1.jpg",500,281,false],"medium_large":["https:\/\/curva1.com.ar\/wp-content\/uploads\/2013\/07\/1044139_148484422010528_1231478101_n1.jpg",500,281,false],"large":["https:\/\/curva1.com.ar\/wp-content\/uploads\/2013\/07\/1044139_148484422010528_1231478101_n1.jpg",500,281,false],"1536x1536":["https:\/\/curva1.com.ar\/wp-content\/uploads\/2013\/07\/1044139_148484422010528_1231478101_n1.jpg",500,281,false],"2048x2048":["https:\/\/curva1.com.ar\/wp-content\/uploads\/2013\/07\/1044139_148484422010528_1231478101_n1.jpg",500,281,false],"chromenews-featured":["https:\/\/curva1.com.ar\/wp-content\/uploads\/2013\/07\/1044139_148484422010528_1231478101_n1.jpg",500,281,false],"chromenews-large":["https:\/\/curva1.com.ar\/wp-content\/uploads\/2013\/07\/1044139_148484422010528_1231478101_n1.jpg",500,281,false],"chromenews-medium":["https:\/\/curva1.com.ar\/wp-content\/uploads\/2013\/07\/1044139_148484422010528_1231478101_n1.jpg",500,281,false]},"author_info":{"display_name":"Jos\u00e9 Bravo","author_link":"https:\/\/curva1.com.ar\/?author=1"},"category_info":"<a href=\"https:\/\/curva1.com.ar\/?cat=3\" rel=\"category\">Tradicionales<\/a>","tag_info":"Tradicionales","comment_count":"0","_links":{"self":[{"href":"https:\/\/curva1.com.ar\/index.php?rest_route=\/wp\/v2\/posts\/7775","targetHints":{"allow":["GET"]}}],"collection":[{"href":"https:\/\/curva1.com.ar\/index.php?rest_route=\/wp\/v2\/posts"}],"about":[{"href":"https:\/\/curva1.com.ar\/index.php?rest_route=\/wp\/v2\/types\/post"}],"author":[{"embeddable":true,"href":"https:\/\/curva1.com.ar\/index.php?rest_route=\/wp\/v2\/users\/1"}],"replies":[{"embeddable":true,"href":"https:\/\/curva1.com.ar\/index.php?rest_route=%2Fwp%2Fv2%2Fcomments&post=7775"}],"version-history":[{"count":2,"href":"https:\/\/curva1.com.ar\/index.php?rest_route=\/wp\/v2\/posts\/7775\/revisions"}],"predecessor-version":[{"id":7778,"href":"https:\/\/curva1.com.ar\/index.php?rest_route=\/wp\/v2\/posts\/7775\/revisions\/7778"}],"wp:featuredmedia":[{"embeddable":true,"href":"https:\/\/curva1.com.ar\/index.php?rest_route=\/wp\/v2\/media\/7776"}],"wp:attachment":[{"href":"https:\/\/curva1.com.ar\/index.php?rest_route=%2Fwp%2Fv2%2Fmedia&parent=7775"}],"wp:term":[{"taxonomy":"category","embeddable":true,"href":"https:\/\/curva1.com.ar\/index.php?rest_route=%2Fwp%2Fv2%2Fcategories&post=7775"},{"taxonomy":"post_tag","embeddable":true,"href":"https:\/\/curva1.com.ar\/index.php?rest_route=%2Fwp%2Fv2%2Ftags&post=7775"}],"curies":[{"name":"wp","href":"https:\/\/api.w.org\/{rel}","templated":true}]}}