{"id":7781,"date":"2013-07-16T23:53:01","date_gmt":"2013-07-17T02:53:01","guid":{"rendered":"http:\/\/www.curva1.com.ar\/?p=7781"},"modified":"2013-07-16T23:55:21","modified_gmt":"2013-07-17T02:55:21","slug":"adrian-yacopini-se-prepara-para-competir-en-la-baja-aragon-en-espana","status":"publish","type":"post","link":"https:\/\/curva1.com.ar\/?p=7781","title":{"rendered":"Adri\u00e1n Yacopini se prepara para competir en la Baja Arag\u00f3n"},"content":{"rendered":"<p><img loading=\"lazy\" decoding=\"async\" class=\"aligncenter size-full wp-image-7782\" alt=\"IMG_00000222\" src=\"http:\/\/www.curva1.com.ar\/wp-content\/uploads\/2013\/07\/IMG_00000222.jpg\" width=\"500\" height=\"281\" srcset=\"https:\/\/curva1.com.ar\/wp-content\/uploads\/2013\/07\/IMG_00000222.jpg 500w, https:\/\/curva1.com.ar\/wp-content\/uploads\/2013\/07\/IMG_00000222-300x169.jpg 300w\" sizes=\"auto, (max-width: 500px) 100vw, 500px\" \/><\/p>\n<p>Cuenta regresiva para el primer gran desaf\u00edo de Adri\u00e1n Yacopini en el equipo X-Raid. Solo d\u00edas restan para que la Baja Arag\u00f3n se ponga en marcha en suelo Espa\u00f1ol y el mendocino junto a su copiloto Marco Scopinaro est\u00e1n listos para afrontar el compromiso de competir sobre una de las m\u00e1quinas m\u00e1s poderosas del Rally Raid.<\/p>\n<p>Hoy por la ma\u00f1ana ambos dejaron Mendoza rumbo a la provincia de Teruel, Espa\u00f1a, donde los espera desde el 19 tres d\u00edas de carrera a bordo de la BMW.<\/p>\n<p>El recorrido aproximado de la Baja Arag\u00f3n 2013, que cumple este a\u00f1o su 30 aniversario, es cercano a los 1.000 kil\u00f3metros de carrera y tiene pilotos de lujo entre sus filas. En la categor\u00eda autos largar\u00e1n 74, habr\u00e1 48 motos , quads y 9 camiones.<\/p>\n<p>Toda la acci\u00f3n comenzar\u00e1 el viernes con la salida oficial de la prueba pr\u00f3logo, que para las motos ser\u00e1 a las 17:59 (12.59 hora Argentina) y para los coches a las 19:19 (14.59 hora Argentina) y recorrer\u00e1n aproximadamente 6 kil\u00f3metros en la zona turolense de \u201cLa Guea\u201d, y este primer contacto con el terreno determinar\u00e1 el orden de salida de los veh\u00edculos a los tramos del d\u00eda siguiente.<\/p>\n","protected":false},"excerpt":{"rendered":"<p>Cuenta regresiva para el primer gran desaf\u00edo de Adri\u00e1n Yacopini en el equipo X-Raid. Solo<\/p>\n","protected":false},"author":1,"featured_media":7782,"comment_status":"open","ping_status":"closed","sticky":false,"template":"","format":"standard","meta":{"footnotes":""},"categories":[6],"tags":[],"class_list":["post-7781","post","type-post","status-publish","format-standard","has-post-thumbnail","hentry","category-nacionales"],"featured_image_urls":{"full":["https:\/\/curva1.com.ar\/wp-content\/uploads\/2013\/07\/IMG_00000222.jpg",500,281,false],"thumbnail":["https:\/\/curva1.com.ar\/wp-content\/uploads\/2013\/07\/IMG_00000222-300x169.jpg",300,169,true],"medium":["https:\/\/curva1.com.ar\/wp-content\/uploads\/2013\/07\/IMG_00000222.jpg",500,281,false],"medium_large":["https:\/\/curva1.com.ar\/wp-content\/uploads\/2013\/07\/IMG_00000222.jpg",500,281,false],"large":["https:\/\/curva1.com.ar\/wp-content\/uploads\/2013\/07\/IMG_00000222.jpg",500,281,false],"1536x1536":["https:\/\/curva1.com.ar\/wp-content\/uploads\/2013\/07\/IMG_00000222.jpg",500,281,false],"2048x2048":["https:\/\/curva1.com.ar\/wp-content\/uploads\/2013\/07\/IMG_00000222.jpg",500,281,false],"chromenews-featured":["https:\/\/curva1.com.ar\/wp-content\/uploads\/2013\/07\/IMG_00000222.jpg",500,281,false],"chromenews-large":["https:\/\/curva1.com.ar\/wp-content\/uploads\/2013\/07\/IMG_00000222.jpg",500,281,false],"chromenews-medium":["https:\/\/curva1.com.ar\/wp-content\/uploads\/2013\/07\/IMG_00000222.jpg",500,281,false]},"author_info":{"display_name":"Jos\u00e9 Bravo","author_link":"https:\/\/curva1.com.ar\/?author=1"},"category_info":"<a href=\"https:\/\/curva1.com.ar\/?cat=6\" rel=\"category\">Nacionales<\/a>","tag_info":"Nacionales","comment_count":"0","_links":{"self":[{"href":"https:\/\/curva1.com.ar\/index.php?rest_route=\/wp\/v2\/posts\/7781","targetHints":{"allow":["GET"]}}],"collection":[{"href":"https:\/\/curva1.com.ar\/index.php?rest_route=\/wp\/v2\/posts"}],"about":[{"href":"https:\/\/curva1.com.ar\/index.php?rest_route=\/wp\/v2\/types\/post"}],"author":[{"embeddable":true,"href":"https:\/\/curva1.com.ar\/index.php?rest_route=\/wp\/v2\/users\/1"}],"replies":[{"embeddable":true,"href":"https:\/\/curva1.com.ar\/index.php?rest_route=%2Fwp%2Fv2%2Fcomments&post=7781"}],"version-history":[{"count":2,"href":"https:\/\/curva1.com.ar\/index.php?rest_route=\/wp\/v2\/posts\/7781\/revisions"}],"predecessor-version":[{"id":7784,"href":"https:\/\/curva1.com.ar\/index.php?rest_route=\/wp\/v2\/posts\/7781\/revisions\/7784"}],"wp:featuredmedia":[{"embeddable":true,"href":"https:\/\/curva1.com.ar\/index.php?rest_route=\/wp\/v2\/media\/7782"}],"wp:attachment":[{"href":"https:\/\/curva1.com.ar\/index.php?rest_route=%2Fwp%2Fv2%2Fmedia&parent=7781"}],"wp:term":[{"taxonomy":"category","embeddable":true,"href":"https:\/\/curva1.com.ar\/index.php?rest_route=%2Fwp%2Fv2%2Fcategories&post=7781"},{"taxonomy":"post_tag","embeddable":true,"href":"https:\/\/curva1.com.ar\/index.php?rest_route=%2Fwp%2Fv2%2Ftags&post=7781"}],"curies":[{"name":"wp","href":"https:\/\/api.w.org\/{rel}","templated":true}]}}