{"id":7884,"date":"2013-07-17T14:44:14","date_gmt":"2013-07-17T17:44:14","guid":{"rendered":"http:\/\/www.curva1.com.ar\/?p=7884"},"modified":"2013-07-17T14:44:14","modified_gmt":"2013-07-17T17:44:14","slug":"fabrizio-persia-se-suma-al-top-race-series-desde-san-luis","status":"publish","type":"post","link":"https:\/\/curva1.com.ar\/?p=7884","title":{"rendered":"Fabrizio Persia se suma al Top Race Series desde San Lu\u00eds"},"content":{"rendered":"<p><img loading=\"lazy\" decoding=\"async\" class=\"aligncenter size-full wp-image-7885\" alt=\"fp20j\u00f113\" src=\"http:\/\/www.curva1.com.ar\/wp-content\/uploads\/2013\/07\/fp20j\u00f113.jpg\" width=\"500\" height=\"281\" srcset=\"https:\/\/curva1.com.ar\/wp-content\/uploads\/2013\/07\/fp20j\u00f113.jpg 500w, https:\/\/curva1.com.ar\/wp-content\/uploads\/2013\/07\/fp20j\u00f113-300x169.jpg 300w\" sizes=\"auto, (max-width: 500px) 100vw, 500px\" \/><\/p>\n<p>El piloto sanjuanino que gan\u00f3 la \u00faltima carrera de la historia del Top Race J\u00fanior, categor\u00eda que desapareci\u00f3, se suma al Top Race Series a partir de la pr\u00f3xima fecha que se disputar\u00e1 en San Lu\u00eds.<\/p>\n<p><strong>&#8220;Luego de que se vendieron los autos al norte del pa\u00eds, decidimos pasarnos a la TR Series, siempre en el equipo SDE. La pr\u00f3xima fecha es el 28 de Julio en San Lu\u00eds&#8221;<\/strong> expres\u00f3 Fabrizio Persia a Curva 1.<\/p>\n","protected":false},"excerpt":{"rendered":"<p>El piloto sanjuanino que gan\u00f3 la \u00faltima carrera de la historia del Top Race J\u00fanior,<\/p>\n","protected":false},"author":1,"featured_media":7885,"comment_status":"open","ping_status":"closed","sticky":false,"template":"","format":"standard","meta":{"footnotes":""},"categories":[6],"tags":[],"class_list":["post-7884","post","type-post","status-publish","format-standard","has-post-thumbnail","hentry","category-nacionales"],"featured_image_urls":{"full":["https:\/\/curva1.com.ar\/wp-content\/uploads\/2013\/07\/fp20j\u00f113.jpg",500,281,false],"thumbnail":["https:\/\/curva1.com.ar\/wp-content\/uploads\/2013\/07\/fp20j\u00f113-300x169.jpg",300,169,true],"medium":["https:\/\/curva1.com.ar\/wp-content\/uploads\/2013\/07\/fp20j\u00f113.jpg",500,281,false],"medium_large":["https:\/\/curva1.com.ar\/wp-content\/uploads\/2013\/07\/fp20j\u00f113.jpg",500,281,false],"large":["https:\/\/curva1.com.ar\/wp-content\/uploads\/2013\/07\/fp20j\u00f113.jpg",500,281,false],"1536x1536":["https:\/\/curva1.com.ar\/wp-content\/uploads\/2013\/07\/fp20j\u00f113.jpg",500,281,false],"2048x2048":["https:\/\/curva1.com.ar\/wp-content\/uploads\/2013\/07\/fp20j\u00f113.jpg",500,281,false],"chromenews-featured":["https:\/\/curva1.com.ar\/wp-content\/uploads\/2013\/07\/fp20j\u00f113.jpg",500,281,false],"chromenews-large":["https:\/\/curva1.com.ar\/wp-content\/uploads\/2013\/07\/fp20j\u00f113.jpg",500,281,false],"chromenews-medium":["https:\/\/curva1.com.ar\/wp-content\/uploads\/2013\/07\/fp20j\u00f113.jpg",500,281,false]},"author_info":{"display_name":"Jos\u00e9 Bravo","author_link":"https:\/\/curva1.com.ar\/?author=1"},"category_info":"<a href=\"https:\/\/curva1.com.ar\/?cat=6\" rel=\"category\">Nacionales<\/a>","tag_info":"Nacionales","comment_count":"0","_links":{"self":[{"href":"https:\/\/curva1.com.ar\/index.php?rest_route=\/wp\/v2\/posts\/7884","targetHints":{"allow":["GET"]}}],"collection":[{"href":"https:\/\/curva1.com.ar\/index.php?rest_route=\/wp\/v2\/posts"}],"about":[{"href":"https:\/\/curva1.com.ar\/index.php?rest_route=\/wp\/v2\/types\/post"}],"author":[{"embeddable":true,"href":"https:\/\/curva1.com.ar\/index.php?rest_route=\/wp\/v2\/users\/1"}],"replies":[{"embeddable":true,"href":"https:\/\/curva1.com.ar\/index.php?rest_route=%2Fwp%2Fv2%2Fcomments&post=7884"}],"version-history":[{"count":1,"href":"https:\/\/curva1.com.ar\/index.php?rest_route=\/wp\/v2\/posts\/7884\/revisions"}],"predecessor-version":[{"id":7886,"href":"https:\/\/curva1.com.ar\/index.php?rest_route=\/wp\/v2\/posts\/7884\/revisions\/7886"}],"wp:featuredmedia":[{"embeddable":true,"href":"https:\/\/curva1.com.ar\/index.php?rest_route=\/wp\/v2\/media\/7885"}],"wp:attachment":[{"href":"https:\/\/curva1.com.ar\/index.php?rest_route=%2Fwp%2Fv2%2Fmedia&parent=7884"}],"wp:term":[{"taxonomy":"category","embeddable":true,"href":"https:\/\/curva1.com.ar\/index.php?rest_route=%2Fwp%2Fv2%2Fcategories&post=7884"},{"taxonomy":"post_tag","embeddable":true,"href":"https:\/\/curva1.com.ar\/index.php?rest_route=%2Fwp%2Fv2%2Ftags&post=7884"}],"curies":[{"name":"wp","href":"https:\/\/api.w.org\/{rel}","templated":true}]}}