{"id":7897,"date":"2013-07-17T20:19:23","date_gmt":"2013-07-17T23:19:23","guid":{"rendered":"http:\/\/www.curva1.com.ar\/?p=7897"},"modified":"2013-07-17T20:21:51","modified_gmt":"2013-07-17T23:21:51","slug":"andreucetti-mole-y-girala-se-recuperan-y-la-seguridad-funciono-bien","status":"publish","type":"post","link":"https:\/\/curva1.com.ar\/?p=7897","title":{"rendered":"Andreucetti &#8220;Mol\u00e9 y Girala se recuperan y los elementos de seguridad funcionaron bien&#8221;"},"content":{"rendered":"<p><img loading=\"lazy\" decoding=\"async\" class=\"aligncenter size-full wp-image-7898\" alt=\"IMG_0151\" src=\"http:\/\/www.curva1.com.ar\/wp-content\/uploads\/2013\/07\/IMG_01511.jpg\" width=\"500\" height=\"281\" srcset=\"https:\/\/curva1.com.ar\/wp-content\/uploads\/2013\/07\/IMG_01511.jpg 500w, https:\/\/curva1.com.ar\/wp-content\/uploads\/2013\/07\/IMG_01511-300x169.jpg 300w\" sizes=\"auto, (max-width: 500px) 100vw, 500px\" \/><\/p>\n<p>El jefe de la Asociaci\u00f3n Argentina de Volantes en Cuyo dialog\u00f3 con Curva 1 RADIO respecto al accidente de la Clase 2 del domingo pasado en San Juan.<\/p>\n<p><strong>&#8220;Afortunadamente los pilotos se van recuperando bien. Mol\u00e9 sali\u00f3 bien de los estudios, neurol\u00f3gicos m\u00e1s que nada. Hoy se encuentra en su casa y est\u00e1 en reposo. Girala se le hicieron placas y dio todo bien. Hay que esperar los pr\u00f3xios d\u00edas pero todo est\u00e1 bien&#8221;<\/strong> explic\u00f3 Andreucetti.<\/p>\n<p><strong>&#8220;Por la magnitud del impacto de Caito Mol\u00e9, nosotros hacemos un seguimiento d\u00eda a d\u00eda de como va su recuperaci\u00f3n y si el piloto aduce alg\u00fan dolor o s\u00edntoma adicional&#8221;<\/strong> sigui\u00f3.<\/p>\n<p><strong>&#8220;Los elementos de seguridad del auto y de los pilotos han funcionado bien, al igual que las estructuras que se han comportado en forma magn\u00edfica&#8221;<\/strong> finaliz\u00f3.<\/p>\n","protected":false},"excerpt":{"rendered":"<p>El jefe de la Asociaci\u00f3n Argentina de Volantes en Cuyo dialog\u00f3 con Curva 1 RADIO<\/p>\n","protected":false},"author":1,"featured_media":7898,"comment_status":"open","ping_status":"closed","sticky":false,"template":"","format":"standard","meta":{"footnotes":""},"categories":[1],"tags":[],"class_list":["post-7897","post","type-post","status-publish","format-standard","has-post-thumbnail","hentry","category-zonal-cuyano"],"featured_image_urls":{"full":["https:\/\/curva1.com.ar\/wp-content\/uploads\/2013\/07\/IMG_01511.jpg",500,281,false],"thumbnail":["https:\/\/curva1.com.ar\/wp-content\/uploads\/2013\/07\/IMG_01511-300x169.jpg",300,169,true],"medium":["https:\/\/curva1.com.ar\/wp-content\/uploads\/2013\/07\/IMG_01511.jpg",500,281,false],"medium_large":["https:\/\/curva1.com.ar\/wp-content\/uploads\/2013\/07\/IMG_01511.jpg",500,281,false],"large":["https:\/\/curva1.com.ar\/wp-content\/uploads\/2013\/07\/IMG_01511.jpg",500,281,false],"1536x1536":["https:\/\/curva1.com.ar\/wp-content\/uploads\/2013\/07\/IMG_01511.jpg",500,281,false],"2048x2048":["https:\/\/curva1.com.ar\/wp-content\/uploads\/2013\/07\/IMG_01511.jpg",500,281,false],"chromenews-featured":["https:\/\/curva1.com.ar\/wp-content\/uploads\/2013\/07\/IMG_01511.jpg",500,281,false],"chromenews-large":["https:\/\/curva1.com.ar\/wp-content\/uploads\/2013\/07\/IMG_01511.jpg",500,281,false],"chromenews-medium":["https:\/\/curva1.com.ar\/wp-content\/uploads\/2013\/07\/IMG_01511.jpg",500,281,false]},"author_info":{"display_name":"Jos\u00e9 Bravo","author_link":"https:\/\/curva1.com.ar\/?author=1"},"category_info":"<a href=\"https:\/\/curva1.com.ar\/?cat=1\" rel=\"category\">Zonal Cuyano<\/a>","tag_info":"Zonal Cuyano","comment_count":"0","_links":{"self":[{"href":"https:\/\/curva1.com.ar\/index.php?rest_route=\/wp\/v2\/posts\/7897","targetHints":{"allow":["GET"]}}],"collection":[{"href":"https:\/\/curva1.com.ar\/index.php?rest_route=\/wp\/v2\/posts"}],"about":[{"href":"https:\/\/curva1.com.ar\/index.php?rest_route=\/wp\/v2\/types\/post"}],"author":[{"embeddable":true,"href":"https:\/\/curva1.com.ar\/index.php?rest_route=\/wp\/v2\/users\/1"}],"replies":[{"embeddable":true,"href":"https:\/\/curva1.com.ar\/index.php?rest_route=%2Fwp%2Fv2%2Fcomments&post=7897"}],"version-history":[{"count":5,"href":"https:\/\/curva1.com.ar\/index.php?rest_route=\/wp\/v2\/posts\/7897\/revisions"}],"predecessor-version":[{"id":7911,"href":"https:\/\/curva1.com.ar\/index.php?rest_route=\/wp\/v2\/posts\/7897\/revisions\/7911"}],"wp:featuredmedia":[{"embeddable":true,"href":"https:\/\/curva1.com.ar\/index.php?rest_route=\/wp\/v2\/media\/7898"}],"wp:attachment":[{"href":"https:\/\/curva1.com.ar\/index.php?rest_route=%2Fwp%2Fv2%2Fmedia&parent=7897"}],"wp:term":[{"taxonomy":"category","embeddable":true,"href":"https:\/\/curva1.com.ar\/index.php?rest_route=%2Fwp%2Fv2%2Fcategories&post=7897"},{"taxonomy":"post_tag","embeddable":true,"href":"https:\/\/curva1.com.ar\/index.php?rest_route=%2Fwp%2Fv2%2Ftags&post=7897"}],"curies":[{"name":"wp","href":"https:\/\/api.w.org\/{rel}","templated":true}]}}