{"id":7912,"date":"2013-07-17T21:43:51","date_gmt":"2013-07-18T00:43:51","guid":{"rendered":"http:\/\/www.curva1.com.ar\/?p=7912"},"modified":"2013-07-17T22:30:59","modified_gmt":"2013-07-18T01:30:59","slug":"turismo-carretera-definio-el-resto-de-su-calendario-2909-corre-en-san-luis","status":"publish","type":"post","link":"https:\/\/curva1.com.ar\/?p=7912","title":{"rendered":"ACTC defini\u00f3 el resto de su calendario. 29\/09 corre en San Lu\u00eds"},"content":{"rendered":"<p><img loading=\"lazy\" decoding=\"async\" class=\"aligncenter size-full wp-image-7913\" alt=\"20499_originalfile\" src=\"http:\/\/www.curva1.com.ar\/wp-content\/uploads\/2013\/07\/20499_originalfile.jpg\" width=\"500\" height=\"281\" srcset=\"https:\/\/curva1.com.ar\/wp-content\/uploads\/2013\/07\/20499_originalfile.jpg 500w, https:\/\/curva1.com.ar\/wp-content\/uploads\/2013\/07\/20499_originalfile-300x169.jpg 300w\" sizes=\"auto, (max-width: 500px) 100vw, 500px\" \/><\/p>\n<p>La ACTC comunica los aut\u00f3dromos que estaban sin confirmar a excepci\u00f3n de la Fecha 15 del calendario que se definir\u00e1 en las pr\u00f3ximas semanas, de esta manera qued\u00f3 completo el calendario de Turismo Carretera y TC Pista. El Gran Premio Coronaci\u00f3n ser\u00e1 en Buenos Aires.<\/p>\n<p>La Asociaci\u00f3n Corredores Turismo Carretera informa que se han confirmado las fechas del calendario de la presente temporada.<\/p>\n<p>A la ya anunciada 10\u00b0 fecha de Olavarr\u00eda el 25 de agosto, se determin\u00f3 que la fecha 11\u00b0 ser\u00e1 en Paran\u00e1 el 8 de Septiembre, la 12\u00b0 fecha el 29 de septiembre en el circuito &#8220;Rosendo Hern\u00e1ndez&#8221; de San Lu\u00eds.<\/p>\n<p>Para la fecha 13, la competencia se realizar\u00e1 en el Aut\u00f3dromo de Comodoro Rivadavia el 13 de octubre mientras que la Fecha 14 tendr\u00e1 cita en el circuito de &#8220;Toay&#8221; en La Pampa el 3 de noviembre.<\/p>\n<p>La Fecha 15 prevista para el 24 de Noviembre todav\u00eda resta confirmar el escenario, mientras que el GP Coronaci\u00f3n ser\u00e1 el 8 de Diciembre en Buenos Aires.<\/p>\n<p><strong>El calendario seguir\u00e1 de esta manera:<\/strong><\/p>\n<p style=\"padding-left: 30px;\">10\u00b0 fecha: 25 de Agosto Olavarr\u00eda<\/p>\n<p>11\u00b0 fecha : 8 de Septiembre Paran\u00e1<\/p>\n<p>12\u00b0 fecha : 29 de Septiembre San Lu\u00eds<\/p>\n<p>13\u00b0 fecha : 13 de Octubre Comodoro Rivadavia<\/p>\n<p>14\u00b0 fecha : 3 de Noviembre La Pampa<\/p>\n<p>15\u00b0 fecha : 24 de Noviembre A confirmar<\/p>\n<p>16\u00b0 fecha : 8 de diciembre Gran Premio Coronaci\u00f3n Buenos Aires<\/p>\n","protected":false},"excerpt":{"rendered":"<p>La ACTC comunica los aut\u00f3dromos que estaban sin confirmar a excepci\u00f3n de la Fecha 15<\/p>\n","protected":false},"author":1,"featured_media":7913,"comment_status":"open","ping_status":"closed","sticky":false,"template":"","format":"standard","meta":{"footnotes":""},"categories":[6],"tags":[],"class_list":["post-7912","post","type-post","status-publish","format-standard","has-post-thumbnail","hentry","category-nacionales"],"featured_image_urls":{"full":["https:\/\/curva1.com.ar\/wp-content\/uploads\/2013\/07\/20499_originalfile.jpg",500,281,false],"thumbnail":["https:\/\/curva1.com.ar\/wp-content\/uploads\/2013\/07\/20499_originalfile-300x169.jpg",300,169,true],"medium":["https:\/\/curva1.com.ar\/wp-content\/uploads\/2013\/07\/20499_originalfile.jpg",500,281,false],"medium_large":["https:\/\/curva1.com.ar\/wp-content\/uploads\/2013\/07\/20499_originalfile.jpg",500,281,false],"large":["https:\/\/curva1.com.ar\/wp-content\/uploads\/2013\/07\/20499_originalfile.jpg",500,281,false],"1536x1536":["https:\/\/curva1.com.ar\/wp-content\/uploads\/2013\/07\/20499_originalfile.jpg",500,281,false],"2048x2048":["https:\/\/curva1.com.ar\/wp-content\/uploads\/2013\/07\/20499_originalfile.jpg",500,281,false],"chromenews-featured":["https:\/\/curva1.com.ar\/wp-content\/uploads\/2013\/07\/20499_originalfile.jpg",500,281,false],"chromenews-large":["https:\/\/curva1.com.ar\/wp-content\/uploads\/2013\/07\/20499_originalfile.jpg",500,281,false],"chromenews-medium":["https:\/\/curva1.com.ar\/wp-content\/uploads\/2013\/07\/20499_originalfile.jpg",500,281,false]},"author_info":{"display_name":"Jos\u00e9 Bravo","author_link":"https:\/\/curva1.com.ar\/?author=1"},"category_info":"<a href=\"https:\/\/curva1.com.ar\/?cat=6\" rel=\"category\">Nacionales<\/a>","tag_info":"Nacionales","comment_count":"0","_links":{"self":[{"href":"https:\/\/curva1.com.ar\/index.php?rest_route=\/wp\/v2\/posts\/7912","targetHints":{"allow":["GET"]}}],"collection":[{"href":"https:\/\/curva1.com.ar\/index.php?rest_route=\/wp\/v2\/posts"}],"about":[{"href":"https:\/\/curva1.com.ar\/index.php?rest_route=\/wp\/v2\/types\/post"}],"author":[{"embeddable":true,"href":"https:\/\/curva1.com.ar\/index.php?rest_route=\/wp\/v2\/users\/1"}],"replies":[{"embeddable":true,"href":"https:\/\/curva1.com.ar\/index.php?rest_route=%2Fwp%2Fv2%2Fcomments&post=7912"}],"version-history":[{"count":3,"href":"https:\/\/curva1.com.ar\/index.php?rest_route=\/wp\/v2\/posts\/7912\/revisions"}],"predecessor-version":[{"id":7915,"href":"https:\/\/curva1.com.ar\/index.php?rest_route=\/wp\/v2\/posts\/7912\/revisions\/7915"}],"wp:featuredmedia":[{"embeddable":true,"href":"https:\/\/curva1.com.ar\/index.php?rest_route=\/wp\/v2\/media\/7913"}],"wp:attachment":[{"href":"https:\/\/curva1.com.ar\/index.php?rest_route=%2Fwp%2Fv2%2Fmedia&parent=7912"}],"wp:term":[{"taxonomy":"category","embeddable":true,"href":"https:\/\/curva1.com.ar\/index.php?rest_route=%2Fwp%2Fv2%2Fcategories&post=7912"},{"taxonomy":"post_tag","embeddable":true,"href":"https:\/\/curva1.com.ar\/index.php?rest_route=%2Fwp%2Fv2%2Ftags&post=7912"}],"curies":[{"name":"wp","href":"https:\/\/api.w.org\/{rel}","templated":true}]}}