{"id":7940,"date":"2013-07-19T12:49:29","date_gmt":"2013-07-19T15:49:29","guid":{"rendered":"http:\/\/www.curva1.com.ar\/?p=7940"},"modified":"2013-07-19T13:11:56","modified_gmt":"2013-07-19T16:11:56","slug":"suspendida-la-6o-fecha-de-tradicionales-en-junin","status":"publish","type":"post","link":"https:\/\/curva1.com.ar\/?p=7940","title":{"rendered":"SUSPENDIDA la 6\u00ba fecha de Tradicionales en Jun\u00edn por el clima"},"content":{"rendered":"<p><img loading=\"lazy\" decoding=\"async\" class=\"aligncenter size-full wp-image-7941\" alt=\"IMG_5965\" src=\"http:\/\/www.curva1.com.ar\/wp-content\/uploads\/2013\/07\/IMG_59651.jpg\" width=\"500\" height=\"281\" srcset=\"https:\/\/curva1.com.ar\/wp-content\/uploads\/2013\/07\/IMG_59651.jpg 500w, https:\/\/curva1.com.ar\/wp-content\/uploads\/2013\/07\/IMG_59651-300x169.jpg 300w\" sizes=\"auto, (max-width: 500px) 100vw, 500px\" \/><\/p>\n<p>Hace minutos nos confirm\u00f3 la noticia Ra\u00fal Imberti, due\u00f1o del aut\u00f3dromo Guido Maineri.<\/p>\n<p>La carrera que se iba a correr el domingo se suspendi\u00f3 y pasa para el domingo 28 de julio.<\/p>\n<p><span style=\"color: #ff0000;\"><strong>COMUNICADO<\/strong><\/span><\/p>\n<blockquote><p>LA FEDERACI\u00d3N MENDOCINA DE AUTOMOVILISMO DEPORTIVO,\u00a0 COMUNICA A TODOS LOS PILOTOS Y CONCURRENTES LICENCIADOS,\u00a0 DEL CAMPEONATO<\/p>\n<p>DE CATEGORIAS TRADICIONALES, QUE DEBIDO A LA SOLICITUD RECIBIDA DE PARTE DEL ORGANIZADOR, DE LA ASOCIACION DE CATEGORIAS TRADICIONALES, Y TENIENDO EN CUENTA LOS PRONOSTICOS DEL TIEMPO PARA EL DIA DOMINGO PROXIMO, EMITIDO POR LOS ORGANISMOS PERTINENTES, EL CONSEJO DIRECTIVO DE FEDERACI\u00d3N, RESUELVE:<\/p>\n<p>1 \u2013 <b><span style=\"text-decoration: underline;\">POSTERGAR LA REALIZACION DE LA SEXTA FECHA DEL CAMPEONATO DE CATEGORIAS TRADICIONALES, <\/span><\/b>\u00a0\u00a0\u00a0PARA EL PROXIMO DOMINGO 28-07-2013 \u00a0EN EL AUTODROMO GUIDO MAINERI, DEL DEPARTAMENTO DE JUNIN, CON LA ORGANIZACI\u00d3N \u00a0DE\u00a0 LA FLIA. IMBERTI.-<\/p>\n<p>2 \u2013 <b><span style=\"text-decoration: underline;\">COMUNICAR <\/span><\/b>A LOS PILOTOS LICENCIADOS, CLUBES ORGANIZADORES Y MEDIOS PERIODISTICOS, ATRAVES DE LA P\u00c1GINA WEB OFICIAL DE FEDERACION,\u00a0 LA\u00a0 MEDIDA\u00a0 RESUELTA.-<\/p><\/blockquote>\n<p><span style=\"color: #ff0000;\"><strong>CLIMA ACTUAL<\/strong><\/span><\/p>\n<p>Por estos momentos en zonas aleda\u00f1as al circuito est\u00e1 nublado y no ha llovido. El pron\u00f3stico seg\u00fan Contigencias Mendoza que opera en la zona este indica lo siguiente: <a href=\"http:\/\/www.contingencias.mendoza.gov.ar\/pronostico.php\" target=\"_blank\"><strong>VER<\/strong><\/a><\/p>\n<p><img loading=\"lazy\" decoding=\"async\" class=\"aligncenter size-full wp-image-7946\" alt=\"catfafas\" src=\"http:\/\/www.curva1.com.ar\/wp-content\/uploads\/2013\/07\/catfafas1.jpg\" width=\"500\" height=\"212\" \/><\/p>\n<p>El Servicio Metereol\u00f3gico Nacional de hoy viernes al mediod\u00eda indica los siguiente:<\/p>\n<p><img loading=\"lazy\" decoding=\"async\" class=\"aligncenter size-full wp-image-7950\" alt=\"cfadfafats\" src=\"http:\/\/www.curva1.com.ar\/wp-content\/uploads\/2013\/07\/cfadfafats.jpg\" width=\"393\" height=\"163\" \/><\/p>\n<p><span style=\"color: #ff0000;\"><strong>NUEVAMENTE JUNTOS<\/strong><\/span><\/p>\n<p>Con esto el domingo 28 habr\u00e1 Tradicionales en Jun\u00edn y la 4\u00ba fecha del Karting correr\u00e1 a escasos 6 km en predio del aut\u00f3dromo de San Mart\u00edn.<\/p>\n","protected":false},"excerpt":{"rendered":"<p>Hace minutos nos confirm\u00f3 la noticia Ra\u00fal Imberti, due\u00f1o del aut\u00f3dromo Guido Maineri. La carrera<\/p>\n","protected":false},"author":1,"featured_media":7941,"comment_status":"open","ping_status":"closed","sticky":false,"template":"","format":"standard","meta":{"footnotes":""},"categories":[3],"tags":[],"class_list":["post-7940","post","type-post","status-publish","format-standard","has-post-thumbnail","hentry","category-tradicionales"],"featured_image_urls":{"full":["https:\/\/curva1.com.ar\/wp-content\/uploads\/2013\/07\/IMG_59651.jpg",500,281,false],"thumbnail":["https:\/\/curva1.com.ar\/wp-content\/uploads\/2013\/07\/IMG_59651-300x169.jpg",300,169,true],"medium":["https:\/\/curva1.com.ar\/wp-content\/uploads\/2013\/07\/IMG_59651.jpg",500,281,false],"medium_large":["https:\/\/curva1.com.ar\/wp-content\/uploads\/2013\/07\/IMG_59651.jpg",500,281,false],"large":["https:\/\/curva1.com.ar\/wp-content\/uploads\/2013\/07\/IMG_59651.jpg",500,281,false],"1536x1536":["https:\/\/curva1.com.ar\/wp-content\/uploads\/2013\/07\/IMG_59651.jpg",500,281,false],"2048x2048":["https:\/\/curva1.com.ar\/wp-content\/uploads\/2013\/07\/IMG_59651.jpg",500,281,false],"chromenews-featured":["https:\/\/curva1.com.ar\/wp-content\/uploads\/2013\/07\/IMG_59651.jpg",500,281,false],"chromenews-large":["https:\/\/curva1.com.ar\/wp-content\/uploads\/2013\/07\/IMG_59651.jpg",500,281,false],"chromenews-medium":["https:\/\/curva1.com.ar\/wp-content\/uploads\/2013\/07\/IMG_59651.jpg",500,281,false]},"author_info":{"display_name":"Jos\u00e9 Bravo","author_link":"https:\/\/curva1.com.ar\/?author=1"},"category_info":"<a href=\"https:\/\/curva1.com.ar\/?cat=3\" rel=\"category\">Tradicionales<\/a>","tag_info":"Tradicionales","comment_count":"0","_links":{"self":[{"href":"https:\/\/curva1.com.ar\/index.php?rest_route=\/wp\/v2\/posts\/7940","targetHints":{"allow":["GET"]}}],"collection":[{"href":"https:\/\/curva1.com.ar\/index.php?rest_route=\/wp\/v2\/posts"}],"about":[{"href":"https:\/\/curva1.com.ar\/index.php?rest_route=\/wp\/v2\/types\/post"}],"author":[{"embeddable":true,"href":"https:\/\/curva1.com.ar\/index.php?rest_route=\/wp\/v2\/users\/1"}],"replies":[{"embeddable":true,"href":"https:\/\/curva1.com.ar\/index.php?rest_route=%2Fwp%2Fv2%2Fcomments&post=7940"}],"version-history":[{"count":8,"href":"https:\/\/curva1.com.ar\/index.php?rest_route=\/wp\/v2\/posts\/7940\/revisions"}],"predecessor-version":[{"id":7943,"href":"https:\/\/curva1.com.ar\/index.php?rest_route=\/wp\/v2\/posts\/7940\/revisions\/7943"}],"wp:featuredmedia":[{"embeddable":true,"href":"https:\/\/curva1.com.ar\/index.php?rest_route=\/wp\/v2\/media\/7941"}],"wp:attachment":[{"href":"https:\/\/curva1.com.ar\/index.php?rest_route=%2Fwp%2Fv2%2Fmedia&parent=7940"}],"wp:term":[{"taxonomy":"category","embeddable":true,"href":"https:\/\/curva1.com.ar\/index.php?rest_route=%2Fwp%2Fv2%2Fcategories&post=7940"},{"taxonomy":"post_tag","embeddable":true,"href":"https:\/\/curva1.com.ar\/index.php?rest_route=%2Fwp%2Fv2%2Ftags&post=7940"}],"curies":[{"name":"wp","href":"https:\/\/api.w.org\/{rel}","templated":true}]}}