{"id":7983,"date":"2013-07-21T12:18:51","date_gmt":"2013-07-21T15:18:51","guid":{"rendered":"http:\/\/www.curva1.com.ar\/?p=7983"},"modified":"2013-07-21T12:21:27","modified_gmt":"2013-07-21T15:21:27","slug":"el-piloto-italiano-andrea-antonelli-murio-tras-un-fuerte-accidente-en-el-mundial-de-motos-supersport-de-moscu","status":"publish","type":"post","link":"https:\/\/curva1.com.ar\/?p=7983","title":{"rendered":"El italiano Andrea Antonelli muri\u00f3 tras un fuerte accidente en el Mundial Supersport de Mosc\u00fa"},"content":{"rendered":"<p><img loading=\"lazy\" decoding=\"async\" class=\"aligncenter size-full wp-image-7984\" alt=\"andrea-antonelli\" src=\"http:\/\/www.curva1.com.ar\/wp-content\/uploads\/2013\/07\/andrea-antonelli.jpg\" width=\"500\" height=\"281\" srcset=\"https:\/\/curva1.com.ar\/wp-content\/uploads\/2013\/07\/andrea-antonelli.jpg 500w, https:\/\/curva1.com.ar\/wp-content\/uploads\/2013\/07\/andrea-antonelli-300x169.jpg 300w\" sizes=\"auto, (max-width: 500px) 100vw, 500px\" \/><\/p>\n<p>El piloto perdi\u00f3 el control de su moto, cay\u00f3 al piso y fue embestido por su compatriota Lorenzo Zanetti, lo que le provoc\u00f3 el deceso<\/p>\n<p>El piloto italiano Andrea Antonelli, de 25 a\u00f1os, falleci\u00f3 hoy tras sufrir un accidente durante una carrera del Mundial de <b>motos<\/b> Supersport disputado en Mosc\u00fa, Rusia.<\/p>\n<p>&#8220;El piloto italiano falleci\u00f3 por los traumas causados por el accidente&#8221;, se\u00f1al\u00f3 una fuente de las fuerzas policiales rusas a la agencia oficial RIA-N\u00f3vosti.<\/p>\n<p>Antonelli perdi\u00f3 el control de su moto al principio de la carrera y cay\u00f3 al suelo, y all\u00ed fue embestido por su compatriota Lorenzo Zanetti. El fuerte impacto le provoc\u00f3 un trauma craneal y tras el accidente fue trasladado en estado muy grave al centro hospitalario del circuito, aunque los m\u00e9dicos finalmente no pudieron hacer nada por su vida.<\/p>\n<p>Despu\u00e9s del accidente la carrera fue suspendida y los organizadores decidieron cancelar asimismo la segunda manga de la de Superbikes que estaba prevista para despu\u00e9s.<\/p>\n<p><iframe loading=\"lazy\" src=\"\/\/www.youtube.com\/embed\/xIJGAlF8lTI?rel=0\" height=\"281\" width=\"500\" allowfullscreen=\"\" frameborder=\"0\"><\/iframe><\/p>\n","protected":false},"excerpt":{"rendered":"<p>El piloto perdi\u00f3 el control de su moto, cay\u00f3 al piso y fue embestido por<\/p>\n","protected":false},"author":1,"featured_media":7984,"comment_status":"open","ping_status":"closed","sticky":false,"template":"","format":"standard","meta":{"footnotes":""},"categories":[6],"tags":[],"class_list":["post-7983","post","type-post","status-publish","format-standard","has-post-thumbnail","hentry","category-nacionales"],"featured_image_urls":{"full":["https:\/\/curva1.com.ar\/wp-content\/uploads\/2013\/07\/andrea-antonelli.jpg",500,281,false],"thumbnail":["https:\/\/curva1.com.ar\/wp-content\/uploads\/2013\/07\/andrea-antonelli-300x169.jpg",300,169,true],"medium":["https:\/\/curva1.com.ar\/wp-content\/uploads\/2013\/07\/andrea-antonelli.jpg",500,281,false],"medium_large":["https:\/\/curva1.com.ar\/wp-content\/uploads\/2013\/07\/andrea-antonelli.jpg",500,281,false],"large":["https:\/\/curva1.com.ar\/wp-content\/uploads\/2013\/07\/andrea-antonelli.jpg",500,281,false],"1536x1536":["https:\/\/curva1.com.ar\/wp-content\/uploads\/2013\/07\/andrea-antonelli.jpg",500,281,false],"2048x2048":["https:\/\/curva1.com.ar\/wp-content\/uploads\/2013\/07\/andrea-antonelli.jpg",500,281,false],"chromenews-featured":["https:\/\/curva1.com.ar\/wp-content\/uploads\/2013\/07\/andrea-antonelli.jpg",500,281,false],"chromenews-large":["https:\/\/curva1.com.ar\/wp-content\/uploads\/2013\/07\/andrea-antonelli.jpg",500,281,false],"chromenews-medium":["https:\/\/curva1.com.ar\/wp-content\/uploads\/2013\/07\/andrea-antonelli.jpg",500,281,false]},"author_info":{"display_name":"Jos\u00e9 Bravo","author_link":"https:\/\/curva1.com.ar\/?author=1"},"category_info":"<a href=\"https:\/\/curva1.com.ar\/?cat=6\" rel=\"category\">Nacionales<\/a>","tag_info":"Nacionales","comment_count":"0","_links":{"self":[{"href":"https:\/\/curva1.com.ar\/index.php?rest_route=\/wp\/v2\/posts\/7983","targetHints":{"allow":["GET"]}}],"collection":[{"href":"https:\/\/curva1.com.ar\/index.php?rest_route=\/wp\/v2\/posts"}],"about":[{"href":"https:\/\/curva1.com.ar\/index.php?rest_route=\/wp\/v2\/types\/post"}],"author":[{"embeddable":true,"href":"https:\/\/curva1.com.ar\/index.php?rest_route=\/wp\/v2\/users\/1"}],"replies":[{"embeddable":true,"href":"https:\/\/curva1.com.ar\/index.php?rest_route=%2Fwp%2Fv2%2Fcomments&post=7983"}],"version-history":[{"count":3,"href":"https:\/\/curva1.com.ar\/index.php?rest_route=\/wp\/v2\/posts\/7983\/revisions"}],"predecessor-version":[{"id":7986,"href":"https:\/\/curva1.com.ar\/index.php?rest_route=\/wp\/v2\/posts\/7983\/revisions\/7986"}],"wp:featuredmedia":[{"embeddable":true,"href":"https:\/\/curva1.com.ar\/index.php?rest_route=\/wp\/v2\/media\/7984"}],"wp:attachment":[{"href":"https:\/\/curva1.com.ar\/index.php?rest_route=%2Fwp%2Fv2%2Fmedia&parent=7983"}],"wp:term":[{"taxonomy":"category","embeddable":true,"href":"https:\/\/curva1.com.ar\/index.php?rest_route=%2Fwp%2Fv2%2Fcategories&post=7983"},{"taxonomy":"post_tag","embeddable":true,"href":"https:\/\/curva1.com.ar\/index.php?rest_route=%2Fwp%2Fv2%2Ftags&post=7983"}],"curies":[{"name":"wp","href":"https:\/\/api.w.org\/{rel}","templated":true}]}}