{"id":8008,"date":"2013-07-21T15:56:40","date_gmt":"2013-07-21T18:56:40","guid":{"rendered":"http:\/\/www.curva1.com.ar\/?p=8008"},"modified":"2013-07-21T20:49:50","modified_gmt":"2013-07-21T23:49:50","slug":"jorge-vitar-peno-con-su-motor-en-el-regional-del-galvez","status":"publish","type":"post","link":"https:\/\/curva1.com.ar\/?p=8008","title":{"rendered":"Jorge Vitar pen\u00f3 con su motor en la fecha del Regional en el Galvez"},"content":{"rendered":"<p><img loading=\"lazy\" decoding=\"async\" class=\"aligncenter size-full wp-image-8009\" alt=\"IMG_7676\" src=\"http:\/\/www.curva1.com.ar\/wp-content\/uploads\/2013\/07\/IMG_7676.jpg\" width=\"500\" height=\"281\" srcset=\"https:\/\/curva1.com.ar\/wp-content\/uploads\/2013\/07\/IMG_7676.jpg 500w, https:\/\/curva1.com.ar\/wp-content\/uploads\/2013\/07\/IMG_7676-300x169.jpg 300w\" sizes=\"auto, (max-width: 500px) 100vw, 500px\" \/><\/p>\n<p>El piloto mendocino fue parte de la 5\u00ba fecha del Campeonato Regional de Karting, que llev\u00f3 a cabo su cita en el circuito que est\u00e1 aleda\u00f1o al Aut\u00f3dromo Oscar y Juan G\u00e1lvez, en Buenos Aires.<\/p>\n<p>Vitar comenz\u00f3 muy bien el viernes, liderando las tandas de entrenamientos libres, pero a la hora de clasificar no pudo repetir y qued\u00f3 7\u00ba a tres d\u00e9cimas de la punta, dentro de los 20 karts que fueron parte de la categor\u00eda J\u00fanior.<\/p>\n<p>Avanz\u00f3 hasta el tercer lugar de la serie, pero en la t\u00e9cnica no pas\u00f3 el cubicaje y fue excluido. Su equipo trabaj\u00f3 para la final, pero el motor no fue el mismo y tras largar desde el fondo, pudo concluir en la 9\u00ba posici\u00f3n, pero sin chances de volver a pelear por la punta del certamen.<\/p>\n<p>El pr\u00f3ximo compromiso nacional de Jorge Vitar ser\u00e1 el 3 y 4 de agosto, cuando se desarrolle la 3\u00ba fecha del Trofeo CNK en Formosa, ciudad donde el piloto estuvo el fin de semana conociendo y probando en el kart\u00f3dromo del norte del pa\u00eds.<\/p>\n","protected":false},"excerpt":{"rendered":"<p>El piloto mendocino fue parte de la 5\u00ba fecha del Campeonato Regional de Karting, que<\/p>\n","protected":false},"author":1,"featured_media":8009,"comment_status":"open","ping_status":"closed","sticky":false,"template":"","format":"standard","meta":{"footnotes":""},"categories":[4],"tags":[],"class_list":["post-8008","post","type-post","status-publish","format-standard","has-post-thumbnail","hentry","category-karting"],"featured_image_urls":{"full":["https:\/\/curva1.com.ar\/wp-content\/uploads\/2013\/07\/IMG_7676.jpg",500,281,false],"thumbnail":["https:\/\/curva1.com.ar\/wp-content\/uploads\/2013\/07\/IMG_7676-300x169.jpg",300,169,true],"medium":["https:\/\/curva1.com.ar\/wp-content\/uploads\/2013\/07\/IMG_7676.jpg",500,281,false],"medium_large":["https:\/\/curva1.com.ar\/wp-content\/uploads\/2013\/07\/IMG_7676.jpg",500,281,false],"large":["https:\/\/curva1.com.ar\/wp-content\/uploads\/2013\/07\/IMG_7676.jpg",500,281,false],"1536x1536":["https:\/\/curva1.com.ar\/wp-content\/uploads\/2013\/07\/IMG_7676.jpg",500,281,false],"2048x2048":["https:\/\/curva1.com.ar\/wp-content\/uploads\/2013\/07\/IMG_7676.jpg",500,281,false],"chromenews-featured":["https:\/\/curva1.com.ar\/wp-content\/uploads\/2013\/07\/IMG_7676.jpg",500,281,false],"chromenews-large":["https:\/\/curva1.com.ar\/wp-content\/uploads\/2013\/07\/IMG_7676.jpg",500,281,false],"chromenews-medium":["https:\/\/curva1.com.ar\/wp-content\/uploads\/2013\/07\/IMG_7676.jpg",500,281,false]},"author_info":{"display_name":"Jos\u00e9 Bravo","author_link":"https:\/\/curva1.com.ar\/?author=1"},"category_info":"<a href=\"https:\/\/curva1.com.ar\/?cat=4\" rel=\"category\">Karting Asfalto<\/a>","tag_info":"Karting Asfalto","comment_count":"0","_links":{"self":[{"href":"https:\/\/curva1.com.ar\/index.php?rest_route=\/wp\/v2\/posts\/8008","targetHints":{"allow":["GET"]}}],"collection":[{"href":"https:\/\/curva1.com.ar\/index.php?rest_route=\/wp\/v2\/posts"}],"about":[{"href":"https:\/\/curva1.com.ar\/index.php?rest_route=\/wp\/v2\/types\/post"}],"author":[{"embeddable":true,"href":"https:\/\/curva1.com.ar\/index.php?rest_route=\/wp\/v2\/users\/1"}],"replies":[{"embeddable":true,"href":"https:\/\/curva1.com.ar\/index.php?rest_route=%2Fwp%2Fv2%2Fcomments&post=8008"}],"version-history":[{"count":2,"href":"https:\/\/curva1.com.ar\/index.php?rest_route=\/wp\/v2\/posts\/8008\/revisions"}],"predecessor-version":[{"id":8023,"href":"https:\/\/curva1.com.ar\/index.php?rest_route=\/wp\/v2\/posts\/8008\/revisions\/8023"}],"wp:featuredmedia":[{"embeddable":true,"href":"https:\/\/curva1.com.ar\/index.php?rest_route=\/wp\/v2\/media\/8009"}],"wp:attachment":[{"href":"https:\/\/curva1.com.ar\/index.php?rest_route=%2Fwp%2Fv2%2Fmedia&parent=8008"}],"wp:term":[{"taxonomy":"category","embeddable":true,"href":"https:\/\/curva1.com.ar\/index.php?rest_route=%2Fwp%2Fv2%2Fcategories&post=8008"},{"taxonomy":"post_tag","embeddable":true,"href":"https:\/\/curva1.com.ar\/index.php?rest_route=%2Fwp%2Fv2%2Ftags&post=8008"}],"curies":[{"name":"wp","href":"https:\/\/api.w.org\/{rel}","templated":true}]}}