{"id":8019,"date":"2013-07-21T20:24:53","date_gmt":"2013-07-21T23:24:53","guid":{"rendered":"http:\/\/www.curva1.com.ar\/?p=8019"},"modified":"2013-07-22T12:51:50","modified_gmt":"2013-07-22T15:51:50","slug":"positivo-resultado-para-la-dupla-yacopini-scopinaro-en-la-baja-aragon","status":"publish","type":"post","link":"https:\/\/curva1.com.ar\/?p=8019","title":{"rendered":"Positivo resultado para la dupla Yacopini-Scopinaro en Espa\u00f1a"},"content":{"rendered":"<p><img loading=\"lazy\" decoding=\"async\" class=\"aligncenter size-full wp-image-8020\" alt=\"Baja2etapa1\" src=\"http:\/\/www.curva1.com.ar\/wp-content\/uploads\/2013\/07\/Baja2etapa1.jpg\" width=\"500\" height=\"282\" srcset=\"https:\/\/curva1.com.ar\/wp-content\/uploads\/2013\/07\/Baja2etapa1.jpg 500w, https:\/\/curva1.com.ar\/wp-content\/uploads\/2013\/07\/Baja2etapa1-300x169.jpg 300w\" sizes=\"auto, (max-width: 500px) 100vw, 500px\" \/><\/p>\n<p>Termin\u00f3 la Baja Arag\u00f3n con un positivo resultado para la dupla Adri\u00e1n Yacopini- Marco Scopinaro.<\/p>\n<p>Despu\u00e9s de la complicaci\u00f3n en la primera etapa a ra\u00edz del problema en el turbo de la X3, hoy los mendocinos salieron decididos a recuperar terreno perdido y no desentonaron.<\/p>\n<p>Fueron 360 kil\u00f3metros de competencia donde apareci\u00f3 mucho barro durante la prueba arribando en una extraordinaria sexta colocaci\u00f3n en la etapa lo cual les permiti\u00f3 ascender al puesto 14 en la clasificaci\u00f3n de la carrera.<\/p>\n<p>Con esto el binomio cumple el objetivo planteado para su debut dentro del equipo X-Raid y con su nuevo medio mec\u00e1nico, el mismo era conocer la BMW, adaptarse durante la competencia con la mirada puesta en la meta final.<\/p>\n<p>\u201cFue una muy buena carrera que nos sirvi\u00f3 para conocer esta camioneta que es completamente diferente a la Race Amarok, es m\u00e1s potente lo cual la hace m\u00e1s veloz, el estilo de manejo cambia y es en lo que tenemos que fijar en entrenamiento y aprendizaje que haremos en la carrera de Marruecos cosa de llegar al Dakar lo mejor posible\u201d expres\u00f3 el Chino.<\/p>\n<p>Adem\u00e1s el piloto del Chiara Rally Team habl\u00f3 sobre su gran segunda etapa en suelo espa\u00f1ol. \u201cHoy salimos mejor, ayer ten\u00eda muchos nervios, corr\u00ed un poco tensionado al no conocer los l\u00edmites de la BMW pero hoy largue m\u00e1s tranquilo y todo sali\u00f3 mejor y m\u00e1s si no aparece ning\u00fan problema tanto en carrera como mec\u00e1nico\u201d<\/p>\n<p>Por \u00faltimo Adri\u00e1n dijo. \u201cEstamos muy contentos con Marco y lo queremos compartir con la familia, amigos y sponsors\u201d.<\/p>\n<p>La pr\u00f3xima cita para Yacopini ser\u00e1 el Rally de Marruecos a correrse en el mes de Octubre y ser\u00e1 la previa del plato fuerte, el Rally Dakar 2014.<\/p>\n","protected":false},"excerpt":{"rendered":"<p>Termin\u00f3 la Baja Arag\u00f3n con un positivo resultado para la dupla Adri\u00e1n Yacopini- Marco Scopinaro.<\/p>\n","protected":false},"author":1,"featured_media":8020,"comment_status":"open","ping_status":"closed","sticky":false,"template":"","format":"standard","meta":{"footnotes":""},"categories":[6],"tags":[],"class_list":["post-8019","post","type-post","status-publish","format-standard","has-post-thumbnail","hentry","category-nacionales"],"featured_image_urls":{"full":["https:\/\/curva1.com.ar\/wp-content\/uploads\/2013\/07\/Baja2etapa1.jpg",500,282,false],"thumbnail":["https:\/\/curva1.com.ar\/wp-content\/uploads\/2013\/07\/Baja2etapa1-300x169.jpg",300,169,true],"medium":["https:\/\/curva1.com.ar\/wp-content\/uploads\/2013\/07\/Baja2etapa1.jpg",500,282,false],"medium_large":["https:\/\/curva1.com.ar\/wp-content\/uploads\/2013\/07\/Baja2etapa1.jpg",500,282,false],"large":["https:\/\/curva1.com.ar\/wp-content\/uploads\/2013\/07\/Baja2etapa1.jpg",500,282,false],"1536x1536":["https:\/\/curva1.com.ar\/wp-content\/uploads\/2013\/07\/Baja2etapa1.jpg",500,282,false],"2048x2048":["https:\/\/curva1.com.ar\/wp-content\/uploads\/2013\/07\/Baja2etapa1.jpg",500,282,false],"chromenews-featured":["https:\/\/curva1.com.ar\/wp-content\/uploads\/2013\/07\/Baja2etapa1.jpg",500,282,false],"chromenews-large":["https:\/\/curva1.com.ar\/wp-content\/uploads\/2013\/07\/Baja2etapa1.jpg",500,282,false],"chromenews-medium":["https:\/\/curva1.com.ar\/wp-content\/uploads\/2013\/07\/Baja2etapa1.jpg",500,282,false]},"author_info":{"display_name":"Jos\u00e9 Bravo","author_link":"https:\/\/curva1.com.ar\/?author=1"},"category_info":"<a href=\"https:\/\/curva1.com.ar\/?cat=6\" rel=\"category\">Nacionales<\/a>","tag_info":"Nacionales","comment_count":"0","_links":{"self":[{"href":"https:\/\/curva1.com.ar\/index.php?rest_route=\/wp\/v2\/posts\/8019","targetHints":{"allow":["GET"]}}],"collection":[{"href":"https:\/\/curva1.com.ar\/index.php?rest_route=\/wp\/v2\/posts"}],"about":[{"href":"https:\/\/curva1.com.ar\/index.php?rest_route=\/wp\/v2\/types\/post"}],"author":[{"embeddable":true,"href":"https:\/\/curva1.com.ar\/index.php?rest_route=\/wp\/v2\/users\/1"}],"replies":[{"embeddable":true,"href":"https:\/\/curva1.com.ar\/index.php?rest_route=%2Fwp%2Fv2%2Fcomments&post=8019"}],"version-history":[{"count":3,"href":"https:\/\/curva1.com.ar\/index.php?rest_route=\/wp\/v2\/posts\/8019\/revisions"}],"predecessor-version":[{"id":8022,"href":"https:\/\/curva1.com.ar\/index.php?rest_route=\/wp\/v2\/posts\/8019\/revisions\/8022"}],"wp:featuredmedia":[{"embeddable":true,"href":"https:\/\/curva1.com.ar\/index.php?rest_route=\/wp\/v2\/media\/8020"}],"wp:attachment":[{"href":"https:\/\/curva1.com.ar\/index.php?rest_route=%2Fwp%2Fv2%2Fmedia&parent=8019"}],"wp:term":[{"taxonomy":"category","embeddable":true,"href":"https:\/\/curva1.com.ar\/index.php?rest_route=%2Fwp%2Fv2%2Fcategories&post=8019"},{"taxonomy":"post_tag","embeddable":true,"href":"https:\/\/curva1.com.ar\/index.php?rest_route=%2Fwp%2Fv2%2Ftags&post=8019"}],"curies":[{"name":"wp","href":"https:\/\/api.w.org\/{rel}","templated":true}]}}