{"id":8113,"date":"2013-07-25T13:39:52","date_gmt":"2013-07-25T16:39:52","guid":{"rendered":"http:\/\/www.curva1.com.ar\/?p=8113"},"modified":"2013-07-25T13:43:36","modified_gmt":"2013-07-25T16:43:36","slug":"luis-palau-a-mis-nietos-los-voy-a-apoyar-a-mi-hijo-lo-vamos-a-pelear","status":"publish","type":"post","link":"https:\/\/curva1.com.ar\/?p=8113","title":{"rendered":"Lu\u00eds Palau &#8220;a mis nietos los apoyo, pero a mi hijo, lo voy a pelear&#8221;"},"content":{"rendered":"<p><img loading=\"lazy\" decoding=\"async\" class=\"aligncenter size-full wp-image-8114\" alt=\"P1810013\" src=\"http:\/\/www.curva1.com.ar\/wp-content\/uploads\/2013\/07\/P18100131.jpg\" width=\"500\" height=\"281\" srcset=\"https:\/\/curva1.com.ar\/wp-content\/uploads\/2013\/07\/P18100131.jpg 500w, https:\/\/curva1.com.ar\/wp-content\/uploads\/2013\/07\/P18100131-300x169.jpg 300w\" sizes=\"auto, (max-width: 500px) 100vw, 500px\" \/><\/p>\n<p>El piloto del TC Cuyano estuvo probando en el aut\u00f3dromo de San Mart\u00edn y habl\u00f3 con Curva 1.<\/p>\n<p><strong>&#8220;Estamos asentando un motor, con el que no llegamos a tiempo para ir a San Juan y fue por eso que no fuimos. La categor\u00eda est\u00e1 muy linda, muy peleada. Creo que dentro del Zonal Cuyano es la categor\u00eda que ha puesto lo que hab\u00eda que poner&#8221;<\/strong> dijo Palau, que adem\u00e1s agreg\u00f3 <strong>&#8220;Es lamentable lo que pas\u00f3 en San Juan. Creo que tanto pilotos como dirigentes se tendr\u00e1n que sentar a hablar y evitar que esto vuelva a pasar, porque lo que pas\u00f3 en El Zonda, se puede evitar&#8221;.<\/strong><\/p>\n<p><strong>&#8220;Tenemos varios fines de semana ocupado con el automovilismo. Estoy muy orgulloso que mis hijos me hayan acompa\u00f1ado en esta pasi\u00f3n que uno tiene y ni hablar de los nietos que ahora est\u00e1n corriendo en karting, con resultados buenos. A mis nietos los voy a acompa\u00f1ar, pero a mi hijo Gonzalo lo voy a ir a pelear si podemos&#8221;<\/strong> cerr\u00f3.<\/p>\n<p>&nbsp;<\/p>\n","protected":false},"excerpt":{"rendered":"<p>El piloto del TC Cuyano estuvo probando en el aut\u00f3dromo de San Mart\u00edn y habl\u00f3<\/p>\n","protected":false},"author":1,"featured_media":8114,"comment_status":"open","ping_status":"closed","sticky":false,"template":"","format":"standard","meta":{"footnotes":""},"categories":[1],"tags":[],"class_list":["post-8113","post","type-post","status-publish","format-standard","has-post-thumbnail","hentry","category-zonal-cuyano"],"featured_image_urls":{"full":["https:\/\/curva1.com.ar\/wp-content\/uploads\/2013\/07\/P18100131.jpg",500,281,false],"thumbnail":["https:\/\/curva1.com.ar\/wp-content\/uploads\/2013\/07\/P18100131-300x169.jpg",300,169,true],"medium":["https:\/\/curva1.com.ar\/wp-content\/uploads\/2013\/07\/P18100131.jpg",500,281,false],"medium_large":["https:\/\/curva1.com.ar\/wp-content\/uploads\/2013\/07\/P18100131.jpg",500,281,false],"large":["https:\/\/curva1.com.ar\/wp-content\/uploads\/2013\/07\/P18100131.jpg",500,281,false],"1536x1536":["https:\/\/curva1.com.ar\/wp-content\/uploads\/2013\/07\/P18100131.jpg",500,281,false],"2048x2048":["https:\/\/curva1.com.ar\/wp-content\/uploads\/2013\/07\/P18100131.jpg",500,281,false],"chromenews-featured":["https:\/\/curva1.com.ar\/wp-content\/uploads\/2013\/07\/P18100131.jpg",500,281,false],"chromenews-large":["https:\/\/curva1.com.ar\/wp-content\/uploads\/2013\/07\/P18100131.jpg",500,281,false],"chromenews-medium":["https:\/\/curva1.com.ar\/wp-content\/uploads\/2013\/07\/P18100131.jpg",500,281,false]},"author_info":{"display_name":"Jos\u00e9 Bravo","author_link":"https:\/\/curva1.com.ar\/?author=1"},"category_info":"<a href=\"https:\/\/curva1.com.ar\/?cat=1\" rel=\"category\">Zonal Cuyano<\/a>","tag_info":"Zonal Cuyano","comment_count":"0","_links":{"self":[{"href":"https:\/\/curva1.com.ar\/index.php?rest_route=\/wp\/v2\/posts\/8113","targetHints":{"allow":["GET"]}}],"collection":[{"href":"https:\/\/curva1.com.ar\/index.php?rest_route=\/wp\/v2\/posts"}],"about":[{"href":"https:\/\/curva1.com.ar\/index.php?rest_route=\/wp\/v2\/types\/post"}],"author":[{"embeddable":true,"href":"https:\/\/curva1.com.ar\/index.php?rest_route=\/wp\/v2\/users\/1"}],"replies":[{"embeddable":true,"href":"https:\/\/curva1.com.ar\/index.php?rest_route=%2Fwp%2Fv2%2Fcomments&post=8113"}],"version-history":[{"count":6,"href":"https:\/\/curva1.com.ar\/index.php?rest_route=\/wp\/v2\/posts\/8113\/revisions"}],"predecessor-version":[{"id":8121,"href":"https:\/\/curva1.com.ar\/index.php?rest_route=\/wp\/v2\/posts\/8113\/revisions\/8121"}],"wp:featuredmedia":[{"embeddable":true,"href":"https:\/\/curva1.com.ar\/index.php?rest_route=\/wp\/v2\/media\/8114"}],"wp:attachment":[{"href":"https:\/\/curva1.com.ar\/index.php?rest_route=%2Fwp%2Fv2%2Fmedia&parent=8113"}],"wp:term":[{"taxonomy":"category","embeddable":true,"href":"https:\/\/curva1.com.ar\/index.php?rest_route=%2Fwp%2Fv2%2Fcategories&post=8113"},{"taxonomy":"post_tag","embeddable":true,"href":"https:\/\/curva1.com.ar\/index.php?rest_route=%2Fwp%2Fv2%2Ftags&post=8113"}],"curies":[{"name":"wp","href":"https:\/\/api.w.org\/{rel}","templated":true}]}}