{"id":8197,"date":"2013-07-28T22:56:49","date_gmt":"2013-07-29T01:56:49","guid":{"rendered":"http:\/\/www.curva1.com.ar\/?p=8197"},"modified":"2013-07-29T16:27:27","modified_gmt":"2013-07-29T19:27:27","slug":"tradicionales-vivio-su-sexta-fecha-en-el-guido-maineri-de-junin","status":"publish","type":"post","link":"https:\/\/curva1.com.ar\/?p=8197","title":{"rendered":"Tradicionales vivi\u00f3 su sexta fecha en el Guido Maineri de Jun\u00edn"},"content":{"rendered":"<figure id=\"attachment_8209\" aria-describedby=\"caption-attachment-8209\" style=\"width: 500px\" class=\"wp-caption aligncenter\"><img loading=\"lazy\" decoding=\"async\" class=\"size-full wp-image-8209\" alt=\"945755_157149791143991_1873262334_n\" src=\"http:\/\/www.curva1.com.ar\/wp-content\/uploads\/2013\/07\/945755_157149791143991_1873262334_n.jpg\" width=\"500\" height=\"281\" srcset=\"https:\/\/curva1.com.ar\/wp-content\/uploads\/2013\/07\/945755_157149791143991_1873262334_n.jpg 500w, https:\/\/curva1.com.ar\/wp-content\/uploads\/2013\/07\/945755_157149791143991_1873262334_n-300x169.jpg 300w\" sizes=\"auto, (max-width: 500px) 100vw, 500px\" \/><figcaption id=\"caption-attachment-8209\" class=\"wp-caption-text\">Fotos gentileza FEMAD<\/figcaption><\/figure>\n<p>Con la organizaci\u00f3n de la familia Imberti y fiscalizaci\u00f3 de FEMAD, hoy por la tarde se cumpli\u00f3 con el 6\u00ba cap\u00edtulo del a\u00f1o de Categor\u00edas Tradicionales, el automovilismo de tierra de Mendoza.<\/p>\n<p>Mucho p\u00fablico, un parque de autos notable y competencias limpias (no hubo recargos en ninguna final) diviertieron a todos los presentes, en una jornada calurosa y con un sol que no parec\u00eda de invierno.<\/p>\n<blockquote><p><a href=\"http:\/\/femadmza.com.ar\/2013\/Ultima\/Tradicional06.htm\" target=\"_blank\"><strong>Mira las estad\u00edsticas y tiempos completos AQUI<\/strong><\/a><\/p>\n<p><span style=\"color: #0000ff;\">ESCUCHA el resumen y notas a los pilotos el pr\u00f3ximo Miercoles a las 18 hs en <strong>Curva 1 RADIO<\/strong><\/span> <span style=\"color: #0000ff;\">&#8211; 91.1 FM Oasis para el este de Mendoza o por internet <a href=\"http:\/\/www.fmoasis.com.ar\/\" target=\"_blank\"><span style=\"color: #0000ff;\">www.fmoasis.com.ar<\/span><\/a><\/span><\/p><\/blockquote>\n<h2><span style=\"color: #ff0000;\">&gt;&gt;&gt; 850 GRUPO 1<\/span><\/h2>\n<p><img loading=\"lazy\" decoding=\"async\" class=\"aligncenter size-full wp-image-8203\" alt=\"TRA06-850\" src=\"http:\/\/www.curva1.com.ar\/wp-content\/uploads\/2013\/07\/TRA06-850.jpg\" width=\"500\" height=\"334\" \/><\/p>\n<h2><img loading=\"lazy\" decoding=\"async\" class=\"aligncenter size-full wp-image-8202\" alt=\"850..grupo1\" src=\"http:\/\/www.curva1.com.ar\/wp-content\/uploads\/2013\/07\/850..grupo1_.jpg\" width=\"500\" height=\"412\" srcset=\"https:\/\/curva1.com.ar\/wp-content\/uploads\/2013\/07\/850..grupo1_.jpg 500w, https:\/\/curva1.com.ar\/wp-content\/uploads\/2013\/07\/850..grupo1_-408x337.jpg 408w\" sizes=\"auto, (max-width: 500px) 100vw, 500px\" \/><\/h2>\n<h2><span style=\"color: #ff0000;\">&gt;&gt;&gt; FORMULA 1100<\/span><\/h2>\n<p><img loading=\"lazy\" decoding=\"async\" class=\"aligncenter size-full wp-image-8204\" alt=\"TRA06-FOR\" src=\"http:\/\/www.curva1.com.ar\/wp-content\/uploads\/2013\/07\/TRA06-FOR.jpg\" width=\"500\" height=\"334\" \/><\/p>\n<h2><img loading=\"lazy\" decoding=\"async\" class=\"aligncenter size-full wp-image-8201\" alt=\"1100ats\" src=\"http:\/\/www.curva1.com.ar\/wp-content\/uploads\/2013\/07\/1100ats.jpg\" width=\"500\" height=\"416\" srcset=\"https:\/\/curva1.com.ar\/wp-content\/uploads\/2013\/07\/1100ats.jpg 500w, https:\/\/curva1.com.ar\/wp-content\/uploads\/2013\/07\/1100ats-405x337.jpg 405w\" sizes=\"auto, (max-width: 500px) 100vw, 500px\" \/><\/h2>\n<h2><span style=\"color: #ff0000;\">&gt;&gt;&gt; SPORT 4<\/span><\/h2>\n<p><img loading=\"lazy\" decoding=\"async\" class=\"aligncenter size-full wp-image-8205\" alt=\"TRA06-SP4\" src=\"http:\/\/www.curva1.com.ar\/wp-content\/uploads\/2013\/07\/TRA06-SP4.jpg\" width=\"500\" height=\"334\" \/><\/p>\n<h2><img loading=\"lazy\" decoding=\"async\" class=\"aligncenter size-full wp-image-8200\" alt=\"c444ats\" src=\"http:\/\/www.curva1.com.ar\/wp-content\/uploads\/2013\/07\/c444ats.jpg\" width=\"500\" height=\"294\" \/><\/h2>\n<h2><span style=\"color: #ff0000;\">&gt;&gt;&gt; TC TRADICIONAL<\/span><\/h2>\n<p><img loading=\"lazy\" decoding=\"async\" class=\"aligncenter size-full wp-image-8206\" alt=\"TRA06-TCT\" src=\"http:\/\/www.curva1.com.ar\/wp-content\/uploads\/2013\/07\/TRA06-TCT.jpg\" width=\"500\" height=\"334\" \/><\/p>\n<h2><img loading=\"lazy\" decoding=\"async\" class=\"aligncenter size-full wp-image-8199\" alt=\"tc..tradicio...\" src=\"http:\/\/www.curva1.com.ar\/wp-content\/uploads\/2013\/07\/tc..tradicio....jpg\" width=\"500\" height=\"230\" \/><\/h2>\n<h2><span style=\"color: #ff0000;\">&gt;&gt;&gt; TC JUNIOR<\/span><\/h2>\n<p><img loading=\"lazy\" decoding=\"async\" class=\"aligncenter size-full wp-image-8207\" alt=\"TRA06-TJT\" src=\"http:\/\/www.curva1.com.ar\/wp-content\/uploads\/2013\/07\/TRA06-TJT.jpg\" width=\"500\" height=\"334\" \/><\/p>\n<h2><img loading=\"lazy\" decoding=\"async\" class=\"aligncenter size-full wp-image-8198\" alt=\"Junior..ats\" src=\"http:\/\/www.curva1.com.ar\/wp-content\/uploads\/2013\/07\/Junior..ats_.jpg\" width=\"500\" height=\"329\" \/><\/h2>\n","protected":false},"excerpt":{"rendered":"<p>Con la organizaci\u00f3n de la familia Imberti y fiscalizaci\u00f3 de FEMAD, hoy por la tarde<\/p>\n","protected":false},"author":1,"featured_media":8209,"comment_status":"open","ping_status":"closed","sticky":false,"template":"","format":"standard","meta":{"footnotes":""},"categories":[3],"tags":[],"class_list":["post-8197","post","type-post","status-publish","format-standard","has-post-thumbnail","hentry","category-tradicionales"],"featured_image_urls":{"full":["https:\/\/curva1.com.ar\/wp-content\/uploads\/2013\/07\/945755_157149791143991_1873262334_n.jpg",500,281,false],"thumbnail":["https:\/\/curva1.com.ar\/wp-content\/uploads\/2013\/07\/945755_157149791143991_1873262334_n-300x169.jpg",300,169,true],"medium":["https:\/\/curva1.com.ar\/wp-content\/uploads\/2013\/07\/945755_157149791143991_1873262334_n.jpg",500,281,false],"medium_large":["https:\/\/curva1.com.ar\/wp-content\/uploads\/2013\/07\/945755_157149791143991_1873262334_n.jpg",500,281,false],"large":["https:\/\/curva1.com.ar\/wp-content\/uploads\/2013\/07\/945755_157149791143991_1873262334_n.jpg",500,281,false],"1536x1536":["https:\/\/curva1.com.ar\/wp-content\/uploads\/2013\/07\/945755_157149791143991_1873262334_n.jpg",500,281,false],"2048x2048":["https:\/\/curva1.com.ar\/wp-content\/uploads\/2013\/07\/945755_157149791143991_1873262334_n.jpg",500,281,false],"chromenews-featured":["https:\/\/curva1.com.ar\/wp-content\/uploads\/2013\/07\/945755_157149791143991_1873262334_n.jpg",500,281,false],"chromenews-large":["https:\/\/curva1.com.ar\/wp-content\/uploads\/2013\/07\/945755_157149791143991_1873262334_n.jpg",500,281,false],"chromenews-medium":["https:\/\/curva1.com.ar\/wp-content\/uploads\/2013\/07\/945755_157149791143991_1873262334_n.jpg",500,281,false]},"author_info":{"display_name":"Jos\u00e9 Bravo","author_link":"https:\/\/curva1.com.ar\/?author=1"},"category_info":"<a href=\"https:\/\/curva1.com.ar\/?cat=3\" rel=\"category\">Tradicionales<\/a>","tag_info":"Tradicionales","comment_count":"0","_links":{"self":[{"href":"https:\/\/curva1.com.ar\/index.php?rest_route=\/wp\/v2\/posts\/8197","targetHints":{"allow":["GET"]}}],"collection":[{"href":"https:\/\/curva1.com.ar\/index.php?rest_route=\/wp\/v2\/posts"}],"about":[{"href":"https:\/\/curva1.com.ar\/index.php?rest_route=\/wp\/v2\/types\/post"}],"author":[{"embeddable":true,"href":"https:\/\/curva1.com.ar\/index.php?rest_route=\/wp\/v2\/users\/1"}],"replies":[{"embeddable":true,"href":"https:\/\/curva1.com.ar\/index.php?rest_route=%2Fwp%2Fv2%2Fcomments&post=8197"}],"version-history":[{"count":8,"href":"https:\/\/curva1.com.ar\/index.php?rest_route=\/wp\/v2\/posts\/8197\/revisions"}],"predecessor-version":[{"id":8212,"href":"https:\/\/curva1.com.ar\/index.php?rest_route=\/wp\/v2\/posts\/8197\/revisions\/8212"}],"wp:featuredmedia":[{"embeddable":true,"href":"https:\/\/curva1.com.ar\/index.php?rest_route=\/wp\/v2\/media\/8209"}],"wp:attachment":[{"href":"https:\/\/curva1.com.ar\/index.php?rest_route=%2Fwp%2Fv2%2Fmedia&parent=8197"}],"wp:term":[{"taxonomy":"category","embeddable":true,"href":"https:\/\/curva1.com.ar\/index.php?rest_route=%2Fwp%2Fv2%2Fcategories&post=8197"},{"taxonomy":"post_tag","embeddable":true,"href":"https:\/\/curva1.com.ar\/index.php?rest_route=%2Fwp%2Fv2%2Ftags&post=8197"}],"curies":[{"name":"wp","href":"https:\/\/api.w.org\/{rel}","templated":true}]}}