{"id":8224,"date":"2013-07-29T13:50:29","date_gmt":"2013-07-29T16:50:29","guid":{"rendered":"http:\/\/www.curva1.com.ar\/?p=8224"},"modified":"2013-07-29T13:51:08","modified_gmt":"2013-07-29T16:51:08","slug":"gustavo-lauria-compro-en-san-juan-y-prepara-su-1-4-para-la-proxima","status":"publish","type":"post","link":"https:\/\/curva1.com.ar\/?p=8224","title":{"rendered":"Gustavo Laur\u00eda compr\u00f3 en San Juan y prepara su 1.4 para la pr\u00f3xima"},"content":{"rendered":"<p><img loading=\"lazy\" decoding=\"async\" class=\"aligncenter size-full wp-image-8225\" alt=\"IMG_4563\" src=\"http:\/\/www.curva1.com.ar\/wp-content\/uploads\/2013\/07\/IMG_4563.jpg\" width=\"500\" height=\"281\" srcset=\"https:\/\/curva1.com.ar\/wp-content\/uploads\/2013\/07\/IMG_4563.jpg 500w, https:\/\/curva1.com.ar\/wp-content\/uploads\/2013\/07\/IMG_4563-300x169.jpg 300w\" sizes=\"auto, (max-width: 500px) 100vw, 500px\" \/><\/p>\n<p>El actual campe\u00f3n del Turismo Pista 1100 compr\u00f3 el Fiat 128 que pertenec\u00eda a Rached y comienza a prepararse para la pr\u00f3xima cita del Zonal Cuyano.<\/p>\n<p>La unidad tendr\u00e1 motorizaci\u00f3n 1.4 y se encuentra en el taller de Baroni Competici\u00f3n, en San Mart\u00edn, donde se realizar\u00e1n trabajos de repaso del auto, que ser\u00e1 parte del equipo de Ricardo Cimino.<\/p>\n","protected":false},"excerpt":{"rendered":"<p>El actual campe\u00f3n del Turismo Pista 1100 compr\u00f3 el Fiat 128 que pertenec\u00eda a Rached<\/p>\n","protected":false},"author":1,"featured_media":8225,"comment_status":"open","ping_status":"closed","sticky":false,"template":"","format":"standard","meta":{"footnotes":""},"categories":[1],"tags":[],"class_list":["post-8224","post","type-post","status-publish","format-standard","has-post-thumbnail","hentry","category-zonal-cuyano"],"featured_image_urls":{"full":["https:\/\/curva1.com.ar\/wp-content\/uploads\/2013\/07\/IMG_4563.jpg",500,281,false],"thumbnail":["https:\/\/curva1.com.ar\/wp-content\/uploads\/2013\/07\/IMG_4563-300x169.jpg",300,169,true],"medium":["https:\/\/curva1.com.ar\/wp-content\/uploads\/2013\/07\/IMG_4563.jpg",500,281,false],"medium_large":["https:\/\/curva1.com.ar\/wp-content\/uploads\/2013\/07\/IMG_4563.jpg",500,281,false],"large":["https:\/\/curva1.com.ar\/wp-content\/uploads\/2013\/07\/IMG_4563.jpg",500,281,false],"1536x1536":["https:\/\/curva1.com.ar\/wp-content\/uploads\/2013\/07\/IMG_4563.jpg",500,281,false],"2048x2048":["https:\/\/curva1.com.ar\/wp-content\/uploads\/2013\/07\/IMG_4563.jpg",500,281,false],"chromenews-featured":["https:\/\/curva1.com.ar\/wp-content\/uploads\/2013\/07\/IMG_4563.jpg",500,281,false],"chromenews-large":["https:\/\/curva1.com.ar\/wp-content\/uploads\/2013\/07\/IMG_4563.jpg",500,281,false],"chromenews-medium":["https:\/\/curva1.com.ar\/wp-content\/uploads\/2013\/07\/IMG_4563.jpg",500,281,false]},"author_info":{"display_name":"Jos\u00e9 Bravo","author_link":"https:\/\/curva1.com.ar\/?author=1"},"category_info":"<a href=\"https:\/\/curva1.com.ar\/?cat=1\" rel=\"category\">Zonal Cuyano<\/a>","tag_info":"Zonal Cuyano","comment_count":"0","_links":{"self":[{"href":"https:\/\/curva1.com.ar\/index.php?rest_route=\/wp\/v2\/posts\/8224","targetHints":{"allow":["GET"]}}],"collection":[{"href":"https:\/\/curva1.com.ar\/index.php?rest_route=\/wp\/v2\/posts"}],"about":[{"href":"https:\/\/curva1.com.ar\/index.php?rest_route=\/wp\/v2\/types\/post"}],"author":[{"embeddable":true,"href":"https:\/\/curva1.com.ar\/index.php?rest_route=\/wp\/v2\/users\/1"}],"replies":[{"embeddable":true,"href":"https:\/\/curva1.com.ar\/index.php?rest_route=%2Fwp%2Fv2%2Fcomments&post=8224"}],"version-history":[{"count":3,"href":"https:\/\/curva1.com.ar\/index.php?rest_route=\/wp\/v2\/posts\/8224\/revisions"}],"predecessor-version":[{"id":8228,"href":"https:\/\/curva1.com.ar\/index.php?rest_route=\/wp\/v2\/posts\/8224\/revisions\/8228"}],"wp:featuredmedia":[{"embeddable":true,"href":"https:\/\/curva1.com.ar\/index.php?rest_route=\/wp\/v2\/media\/8225"}],"wp:attachment":[{"href":"https:\/\/curva1.com.ar\/index.php?rest_route=%2Fwp%2Fv2%2Fmedia&parent=8224"}],"wp:term":[{"taxonomy":"category","embeddable":true,"href":"https:\/\/curva1.com.ar\/index.php?rest_route=%2Fwp%2Fv2%2Fcategories&post=8224"},{"taxonomy":"post_tag","embeddable":true,"href":"https:\/\/curva1.com.ar\/index.php?rest_route=%2Fwp%2Fv2%2Ftags&post=8224"}],"curies":[{"name":"wp","href":"https:\/\/api.w.org\/{rel}","templated":true}]}}