{"id":8675,"date":"2013-08-27T03:48:33","date_gmt":"2013-08-27T06:48:33","guid":{"rendered":"http:\/\/www.curva1.com.ar\/?p=8675"},"modified":"2013-08-28T03:50:47","modified_gmt":"2013-08-28T06:50:47","slug":"jalaf-termino-entre-los-10-del-tc-en-olavarria-y-sigue-sumando","status":"publish","type":"post","link":"https:\/\/curva1.com.ar\/?p=8675","title":{"rendered":"Jalaf termin\u00f3 entre los 10 del TC en Olavarr\u00eda y sigue sumando"},"content":{"rendered":"<p><img loading=\"lazy\" decoding=\"async\" class=\"aligncenter size-full wp-image-8676\" alt=\"1148811_10151800591709568_342424111_n\" src=\"http:\/\/www.curva1.com.ar\/wp-content\/uploads\/2013\/08\/1148811_10151800591709568_342424111_n.jpg\" width=\"500\" height=\"281\" srcset=\"https:\/\/curva1.com.ar\/wp-content\/uploads\/2013\/08\/1148811_10151800591709568_342424111_n.jpg 500w, https:\/\/curva1.com.ar\/wp-content\/uploads\/2013\/08\/1148811_10151800591709568_342424111_n-300x169.jpg 300w\" sizes=\"auto, (max-width: 500px) 100vw, 500px\" \/><\/p>\n<p>Mat\u00edas Jalaf finaliz\u00f3 hoy en la 9\u00aa posici\u00f3n en la final del Turismo Carretera corrida en el aut\u00f3dromo de Olavarr\u00eda, repitiendo un resultado m\u00e1s que positivo y continuando con la buena racha que lo mantiene expectante frente a la clasificaci\u00f3n al Play-Off que se definir\u00e1 en el cierre de la etapa regular, dentro de dos semanas en Paran\u00e1.<\/p>\n<p>En la segunda serie, el mendocino larg\u00f3 desde la cuarta posici\u00f3n, en la segunda fila, pero a lo largo de las seis vueltas del parcial super\u00f3 a Jos\u00e9 Savino para pasar al tercer puesto en el cual arrib\u00f3 a la meta, sumando cuatro unidades m\u00e1s y accediendo a largar entre los diez primeros en la final.<\/p>\n<p>Tras largar octavo en la carrera m\u00e1s importante del fin de semana aprovech\u00f3 el toque entre Emiliano Spataro y Juan Marcos Angelini para acceder al sexto puesto del clasificador, motivo del despiste del primero y la sanci\u00f3n con pase y siga por la zona de boxes al segundo.<\/p>\n<p>En las vueltas siguientes debi\u00f3 esforzarse para aguantar los embates de Jos\u00e9 Savino y Juan Pablo Gianini, algo que finalmente consigui\u00f3 para luego escaparse algunos metros de estos pilotos y con algo de tranquilidad comenzar a descontar la diferencia con el quinto Juan Manuel Silva, hasta que lo alcanz\u00f3 y super\u00f3 por amplio margen, coloc\u00e1ndose como el quinto de la carrera.<\/p>\n<p>Dos vueltas m\u00e1s tarde perdi\u00f3 lamentablemente algunas posiciones pasando a ubicarse noveno, motivo de un leve movimiento de su auto en la horquilla por el aceite en el asfalto y posterior toque con Spataro que hizo que otros pilotos se metieran, como Savino, Ortelli y Trucco.<\/p>\n<p>Ingresados en las \u00faltimas diez vueltas de la carrera ingres\u00f3 el auto de seguridad y eso permiti\u00f3 enfriar elementos antes del &#8220;sprint&#8221; final, pero en los siete giros restantes nada se modific\u00f3, finalmente recibiendo la bandera a cuadros en el 9\u00ba puesto, buena posici\u00f3n que le permiti\u00f3 seguir sumando puntos importantes tras los quintos puestos de las carreras pasadas. Gracias a lo hecho en la serie y en la final, Mat\u00edas Jalaf se llev\u00f3 30 unidades de Olavarr\u00eda, sumando as\u00ed un total de 190.50 puntos y en el 17\u00ba lugar del campeonato mantiene chances matem\u00e1ticas de ingresar al Play-Off del TC cuando del 6 al 8 de Septiembre se defina la etapa regular en Paran\u00e1, Entre R\u00edos.<\/p>\n<p>&#8220;Completamos un buen resultado porque hace varias carreras que nuestro auto funciona bien y en Olavarr\u00eda no fue la excepci\u00f3n, l\u00e1stima que mi auto se movi\u00f3 por el aceite en la horquilla y me pasaron cuatro autos, porque sino habr\u00eda terminado quinto y era incluso mucho mejor. Mantenemos las chances de clasificar al Play-Off y como venimos andando seguro que en Paran\u00e1 vamos a sumar en grande, depender\u00e1 de lo que hagan mis rivales pero nosotros haremos lo mejor posible para clasificar. Agradecido a Walter Alifraco y todos los chicos de su equipo, a Mat\u00edas Crespi, Fabi\u00e1n Acu\u00f1a y claro est\u00e1 a los sponsors&#8221;.<\/p>\n","protected":false},"excerpt":{"rendered":"<p>Mat\u00edas Jalaf finaliz\u00f3 hoy en la 9\u00aa posici\u00f3n en la final del Turismo Carretera corrida<\/p>\n","protected":false},"author":1,"featured_media":8676,"comment_status":"open","ping_status":"closed","sticky":false,"template":"","format":"standard","meta":{"footnotes":""},"categories":[6],"tags":[],"class_list":["post-8675","post","type-post","status-publish","format-standard","has-post-thumbnail","hentry","category-nacionales"],"featured_image_urls":{"full":["https:\/\/curva1.com.ar\/wp-content\/uploads\/2013\/08\/1148811_10151800591709568_342424111_n.jpg",500,281,false],"thumbnail":["https:\/\/curva1.com.ar\/wp-content\/uploads\/2013\/08\/1148811_10151800591709568_342424111_n-300x169.jpg",300,169,true],"medium":["https:\/\/curva1.com.ar\/wp-content\/uploads\/2013\/08\/1148811_10151800591709568_342424111_n.jpg",500,281,false],"medium_large":["https:\/\/curva1.com.ar\/wp-content\/uploads\/2013\/08\/1148811_10151800591709568_342424111_n.jpg",500,281,false],"large":["https:\/\/curva1.com.ar\/wp-content\/uploads\/2013\/08\/1148811_10151800591709568_342424111_n.jpg",500,281,false],"1536x1536":["https:\/\/curva1.com.ar\/wp-content\/uploads\/2013\/08\/1148811_10151800591709568_342424111_n.jpg",500,281,false],"2048x2048":["https:\/\/curva1.com.ar\/wp-content\/uploads\/2013\/08\/1148811_10151800591709568_342424111_n.jpg",500,281,false],"chromenews-featured":["https:\/\/curva1.com.ar\/wp-content\/uploads\/2013\/08\/1148811_10151800591709568_342424111_n.jpg",500,281,false],"chromenews-large":["https:\/\/curva1.com.ar\/wp-content\/uploads\/2013\/08\/1148811_10151800591709568_342424111_n.jpg",500,281,false],"chromenews-medium":["https:\/\/curva1.com.ar\/wp-content\/uploads\/2013\/08\/1148811_10151800591709568_342424111_n.jpg",500,281,false]},"author_info":{"display_name":"Jos\u00e9 Bravo","author_link":"https:\/\/curva1.com.ar\/?author=1"},"category_info":"<a href=\"https:\/\/curva1.com.ar\/?cat=6\" rel=\"category\">Nacionales<\/a>","tag_info":"Nacionales","comment_count":"0","_links":{"self":[{"href":"https:\/\/curva1.com.ar\/index.php?rest_route=\/wp\/v2\/posts\/8675","targetHints":{"allow":["GET"]}}],"collection":[{"href":"https:\/\/curva1.com.ar\/index.php?rest_route=\/wp\/v2\/posts"}],"about":[{"href":"https:\/\/curva1.com.ar\/index.php?rest_route=\/wp\/v2\/types\/post"}],"author":[{"embeddable":true,"href":"https:\/\/curva1.com.ar\/index.php?rest_route=\/wp\/v2\/users\/1"}],"replies":[{"embeddable":true,"href":"https:\/\/curva1.com.ar\/index.php?rest_route=%2Fwp%2Fv2%2Fcomments&post=8675"}],"version-history":[{"count":1,"href":"https:\/\/curva1.com.ar\/index.php?rest_route=\/wp\/v2\/posts\/8675\/revisions"}],"predecessor-version":[{"id":8677,"href":"https:\/\/curva1.com.ar\/index.php?rest_route=\/wp\/v2\/posts\/8675\/revisions\/8677"}],"wp:featuredmedia":[{"embeddable":true,"href":"https:\/\/curva1.com.ar\/index.php?rest_route=\/wp\/v2\/media\/8676"}],"wp:attachment":[{"href":"https:\/\/curva1.com.ar\/index.php?rest_route=%2Fwp%2Fv2%2Fmedia&parent=8675"}],"wp:term":[{"taxonomy":"category","embeddable":true,"href":"https:\/\/curva1.com.ar\/index.php?rest_route=%2Fwp%2Fv2%2Fcategories&post=8675"},{"taxonomy":"post_tag","embeddable":true,"href":"https:\/\/curva1.com.ar\/index.php?rest_route=%2Fwp%2Fv2%2Ftags&post=8675"}],"curies":[{"name":"wp","href":"https:\/\/api.w.org\/{rel}","templated":true}]}}