{"id":8766,"date":"2013-08-30T13:49:23","date_gmt":"2013-08-30T16:49:23","guid":{"rendered":"http:\/\/www.curva1.com.ar\/?p=8766"},"modified":"2013-08-30T13:49:23","modified_gmt":"2013-08-30T16:49:23","slug":"curva-1-y-un-mendocino-estuvieron-presentes-en-diario-ole","status":"publish","type":"post","link":"https:\/\/curva1.com.ar\/?p=8766","title":{"rendered":"Curva 1 y un mendocino estuvieron presentes en Diario Ol\u00e9"},"content":{"rendered":"<figure id=\"attachment_8767\" aria-describedby=\"caption-attachment-8767\" style=\"width: 500px\" class=\"wp-caption aligncenter\"><a href=\"http:\/\/www.curva1.com.ar\/wp-content\/uploads\/2013\/08\/664951_507967325951009_1653394865_o.jpg\" target=\"_blank\"><img loading=\"lazy\" decoding=\"async\" class=\" wp-image-8767\" alt=\"664951_507967325951009_1653394865_o\" src=\"http:\/\/www.curva1.com.ar\/wp-content\/uploads\/2013\/08\/664951_507967325951009_1653394865_o.jpg\" width=\"500\" height=\"375\" srcset=\"https:\/\/curva1.com.ar\/wp-content\/uploads\/2013\/08\/664951_507967325951009_1653394865_o.jpg 1000w, https:\/\/curva1.com.ar\/wp-content\/uploads\/2013\/08\/664951_507967325951009_1653394865_o-449x337.jpg 449w, https:\/\/curva1.com.ar\/wp-content\/uploads\/2013\/08\/664951_507967325951009_1653394865_o-200x150.jpg 200w\" sizes=\"auto, (max-width: 500px) 100vw, 500px\" \/><\/a><figcaption id=\"caption-attachment-8767\" class=\"wp-caption-text\"><span style=\"color: #ff0000;\">CLICK para ampliar imagen<\/span><\/figcaption><\/figure>\n<p><strong>Curva 1 KART<\/strong> fue parte de la difusi\u00f3n que hace habitualmente el campeonato Copa Rotax Max Buenos Aires en el diario deportivo m\u00e1s importante del pa\u00eds: Diario Ol\u00e9.<\/p>\n<p>La publicaci\u00f3n del s\u00e1bado 24 de agosto fue sobre la 6\u00ba fecha de Rotax disputada en Z\u00e1rate, Buenos Aires, y la foto capturada por Jos\u00e9 Bravo fue la elegida como imagen principal de la nota que ocup\u00f3 una p\u00e1gina y media en Ol\u00e9.<\/p>\n<p>Adem\u00e1s, quien aparece liderando el pelot\u00f3n de karts en la foto es el mendocino Jorge Vitar, que en esta fecha debut\u00f3 y gan\u00f3 en la categor\u00eda Senior. En la cita tambi\u00e9n corrieron los mendocinos Javito N\u00fa\u00f1ez y Mat\u00edas Villanueva.<\/p>\n<p style=\"text-align: center;\">\n","protected":false},"excerpt":{"rendered":"<p>Curva 1 KART fue parte de la difusi\u00f3n que hace habitualmente el campeonato Copa Rotax<\/p>\n","protected":false},"author":1,"featured_media":8768,"comment_status":"open","ping_status":"closed","sticky":false,"template":"","format":"standard","meta":{"footnotes":""},"categories":[6],"tags":[],"class_list":["post-8766","post","type-post","status-publish","format-standard","has-post-thumbnail","hentry","category-nacionales"],"featured_image_urls":{"full":["https:\/\/curva1.com.ar\/wp-content\/uploads\/2013\/08\/diario-ole-ano-2004-2013_MLA-O-4732952614_072013.jpg",400,225,false],"thumbnail":["https:\/\/curva1.com.ar\/wp-content\/uploads\/2013\/08\/diario-ole-ano-2004-2013_MLA-O-4732952614_072013-300x169.jpg",300,169,true],"medium":["https:\/\/curva1.com.ar\/wp-content\/uploads\/2013\/08\/diario-ole-ano-2004-2013_MLA-O-4732952614_072013.jpg",400,225,false],"medium_large":["https:\/\/curva1.com.ar\/wp-content\/uploads\/2013\/08\/diario-ole-ano-2004-2013_MLA-O-4732952614_072013.jpg",400,225,false],"large":["https:\/\/curva1.com.ar\/wp-content\/uploads\/2013\/08\/diario-ole-ano-2004-2013_MLA-O-4732952614_072013.jpg",400,225,false],"1536x1536":["https:\/\/curva1.com.ar\/wp-content\/uploads\/2013\/08\/diario-ole-ano-2004-2013_MLA-O-4732952614_072013.jpg",400,225,false],"2048x2048":["https:\/\/curva1.com.ar\/wp-content\/uploads\/2013\/08\/diario-ole-ano-2004-2013_MLA-O-4732952614_072013.jpg",400,225,false],"chromenews-featured":["https:\/\/curva1.com.ar\/wp-content\/uploads\/2013\/08\/diario-ole-ano-2004-2013_MLA-O-4732952614_072013.jpg",400,225,false],"chromenews-large":["https:\/\/curva1.com.ar\/wp-content\/uploads\/2013\/08\/diario-ole-ano-2004-2013_MLA-O-4732952614_072013.jpg",400,225,false],"chromenews-medium":["https:\/\/curva1.com.ar\/wp-content\/uploads\/2013\/08\/diario-ole-ano-2004-2013_MLA-O-4732952614_072013.jpg",400,225,false]},"author_info":{"display_name":"Jos\u00e9 Bravo","author_link":"https:\/\/curva1.com.ar\/?author=1"},"category_info":"<a href=\"https:\/\/curva1.com.ar\/?cat=6\" rel=\"category\">Nacionales<\/a>","tag_info":"Nacionales","comment_count":"0","_links":{"self":[{"href":"https:\/\/curva1.com.ar\/index.php?rest_route=\/wp\/v2\/posts\/8766","targetHints":{"allow":["GET"]}}],"collection":[{"href":"https:\/\/curva1.com.ar\/index.php?rest_route=\/wp\/v2\/posts"}],"about":[{"href":"https:\/\/curva1.com.ar\/index.php?rest_route=\/wp\/v2\/types\/post"}],"author":[{"embeddable":true,"href":"https:\/\/curva1.com.ar\/index.php?rest_route=\/wp\/v2\/users\/1"}],"replies":[{"embeddable":true,"href":"https:\/\/curva1.com.ar\/index.php?rest_route=%2Fwp%2Fv2%2Fcomments&post=8766"}],"version-history":[{"count":2,"href":"https:\/\/curva1.com.ar\/index.php?rest_route=\/wp\/v2\/posts\/8766\/revisions"}],"predecessor-version":[{"id":8770,"href":"https:\/\/curva1.com.ar\/index.php?rest_route=\/wp\/v2\/posts\/8766\/revisions\/8770"}],"wp:featuredmedia":[{"embeddable":true,"href":"https:\/\/curva1.com.ar\/index.php?rest_route=\/wp\/v2\/media\/8768"}],"wp:attachment":[{"href":"https:\/\/curva1.com.ar\/index.php?rest_route=%2Fwp%2Fv2%2Fmedia&parent=8766"}],"wp:term":[{"taxonomy":"category","embeddable":true,"href":"https:\/\/curva1.com.ar\/index.php?rest_route=%2Fwp%2Fv2%2Fcategories&post=8766"},{"taxonomy":"post_tag","embeddable":true,"href":"https:\/\/curva1.com.ar\/index.php?rest_route=%2Fwp%2Fv2%2Ftags&post=8766"}],"curies":[{"name":"wp","href":"https:\/\/api.w.org\/{rel}","templated":true}]}}