{"id":8772,"date":"2013-08-30T14:02:13","date_gmt":"2013-08-30T17:02:13","guid":{"rendered":"http:\/\/www.curva1.com.ar\/?p=8772"},"modified":"2013-08-30T14:15:44","modified_gmt":"2013-08-30T17:15:44","slug":"luengo-martin-aparo-y-tres-nuevos-pilotos-se-suman-al-karting-cuyano","status":"publish","type":"post","link":"https:\/\/curva1.com.ar\/?p=8772","title":{"rendered":"Luengo, Mart\u00edn Aparo y tres m\u00e1s debutan en el Karting Cuyano"},"content":{"rendered":"<figure id=\"attachment_8773\" aria-describedby=\"caption-attachment-8773\" style=\"width: 500px\" class=\"wp-caption aligncenter\"><img loading=\"lazy\" decoding=\"async\" class=\"size-full wp-image-8773\" alt=\"Ezequiel Santib\u00e1\u00f1ez en plena alineaci\u00f3n del kart de su primo Sebasti\u00e1n Mussatto\" src=\"http:\/\/www.curva1.com.ar\/wp-content\/uploads\/2013\/08\/1236796_231063403712857_278507778_n.jpg\" width=\"500\" height=\"281\" srcset=\"https:\/\/curva1.com.ar\/wp-content\/uploads\/2013\/08\/1236796_231063403712857_278507778_n.jpg 500w, https:\/\/curva1.com.ar\/wp-content\/uploads\/2013\/08\/1236796_231063403712857_278507778_n-300x169.jpg 300w\" sizes=\"auto, (max-width: 500px) 100vw, 500px\" \/><figcaption id=\"caption-attachment-8773\" class=\"wp-caption-text\"><span style=\"color: #ff0000;\">Ezequiel Santib\u00e1\u00f1ez en plena alineaci\u00f3n del kart de su primo Sebasti\u00e1n Mussatto<\/span><\/figcaption><\/figure>\n<p>La S\u00faper 4 Tiempos sumar\u00e1 a su parque a cinco nuevos pilotos, entre los que se encuentran <strong>Sebasti\u00e1n Mussatto<\/strong> (de San Mart\u00edn) y <strong>Rodrigo Luengo<\/strong> (de Luj\u00e1n y actual piloto de motocross).<\/p>\n<p><strong>Mart\u00edn Aparo<\/strong> (de Godoy Cruz y ex campe\u00f3n de la Clase 1 del Zonal Cuyano) compr\u00f3 en los Clasificados de Curva 1 el kart de Jorge Valenti y se suma, al igual que <strong>Diego G\u00f3mez<\/strong> (de Guaymall\u00e9n, hermano de Nacho G\u00f3mez) y<strong> Claudio Viudez<\/strong> (de Mendoza).<\/p>\n<p>Con esto, m\u00e1s el regreso de Rodrigo Serrano, la categor\u00eda esperan llegar a los 20 inscriptos.<\/p>\n<p>Estuvieron con intenciones de correr los sanjuaninos <strong>Fabricio Persia<\/strong> y <strong>Fredy Cerratti<\/strong>, pero compromisos de \u00faltimo momento lo dejaron fuera de la fecha doble que se corre a partir de ma\u00f1ana en San Mart\u00edn.<\/p>\n<p>Para la pr\u00f3xima fecha se espera que <strong>Guido Badaloni<\/strong> se sum\u00e9 a la 4 Tiempos, adem\u00e1s de seguir corriendo en la 125 cc Senior Pro, como tambi\u00e9n lo podr\u00eda hacer Cristian Y\u00e1\u00f1ez (due\u00f1o del equipo Goro Kart) y Walter Castillo, quienes estuvieron entrenando en la semana.<\/p>\n","protected":false},"excerpt":{"rendered":"<p>La S\u00faper 4 Tiempos sumar\u00e1 a su parque a cinco nuevos pilotos, entre los que<\/p>\n","protected":false},"author":1,"featured_media":8773,"comment_status":"open","ping_status":"closed","sticky":false,"template":"","format":"standard","meta":{"footnotes":""},"categories":[4],"tags":[],"class_list":["post-8772","post","type-post","status-publish","format-standard","has-post-thumbnail","hentry","category-karting"],"featured_image_urls":{"full":["https:\/\/curva1.com.ar\/wp-content\/uploads\/2013\/08\/1236796_231063403712857_278507778_n.jpg",500,281,false],"thumbnail":["https:\/\/curva1.com.ar\/wp-content\/uploads\/2013\/08\/1236796_231063403712857_278507778_n-300x169.jpg",300,169,true],"medium":["https:\/\/curva1.com.ar\/wp-content\/uploads\/2013\/08\/1236796_231063403712857_278507778_n.jpg",500,281,false],"medium_large":["https:\/\/curva1.com.ar\/wp-content\/uploads\/2013\/08\/1236796_231063403712857_278507778_n.jpg",500,281,false],"large":["https:\/\/curva1.com.ar\/wp-content\/uploads\/2013\/08\/1236796_231063403712857_278507778_n.jpg",500,281,false],"1536x1536":["https:\/\/curva1.com.ar\/wp-content\/uploads\/2013\/08\/1236796_231063403712857_278507778_n.jpg",500,281,false],"2048x2048":["https:\/\/curva1.com.ar\/wp-content\/uploads\/2013\/08\/1236796_231063403712857_278507778_n.jpg",500,281,false],"chromenews-featured":["https:\/\/curva1.com.ar\/wp-content\/uploads\/2013\/08\/1236796_231063403712857_278507778_n.jpg",500,281,false],"chromenews-large":["https:\/\/curva1.com.ar\/wp-content\/uploads\/2013\/08\/1236796_231063403712857_278507778_n.jpg",500,281,false],"chromenews-medium":["https:\/\/curva1.com.ar\/wp-content\/uploads\/2013\/08\/1236796_231063403712857_278507778_n.jpg",500,281,false]},"author_info":{"display_name":"Jos\u00e9 Bravo","author_link":"https:\/\/curva1.com.ar\/?author=1"},"category_info":"<a href=\"https:\/\/curva1.com.ar\/?cat=4\" rel=\"category\">Karting Asfalto<\/a>","tag_info":"Karting Asfalto","comment_count":"0","_links":{"self":[{"href":"https:\/\/curva1.com.ar\/index.php?rest_route=\/wp\/v2\/posts\/8772","targetHints":{"allow":["GET"]}}],"collection":[{"href":"https:\/\/curva1.com.ar\/index.php?rest_route=\/wp\/v2\/posts"}],"about":[{"href":"https:\/\/curva1.com.ar\/index.php?rest_route=\/wp\/v2\/types\/post"}],"author":[{"embeddable":true,"href":"https:\/\/curva1.com.ar\/index.php?rest_route=\/wp\/v2\/users\/1"}],"replies":[{"embeddable":true,"href":"https:\/\/curva1.com.ar\/index.php?rest_route=%2Fwp%2Fv2%2Fcomments&post=8772"}],"version-history":[{"count":5,"href":"https:\/\/curva1.com.ar\/index.php?rest_route=\/wp\/v2\/posts\/8772\/revisions"}],"predecessor-version":[{"id":8778,"href":"https:\/\/curva1.com.ar\/index.php?rest_route=\/wp\/v2\/posts\/8772\/revisions\/8778"}],"wp:featuredmedia":[{"embeddable":true,"href":"https:\/\/curva1.com.ar\/index.php?rest_route=\/wp\/v2\/media\/8773"}],"wp:attachment":[{"href":"https:\/\/curva1.com.ar\/index.php?rest_route=%2Fwp%2Fv2%2Fmedia&parent=8772"}],"wp:term":[{"taxonomy":"category","embeddable":true,"href":"https:\/\/curva1.com.ar\/index.php?rest_route=%2Fwp%2Fv2%2Fcategories&post=8772"},{"taxonomy":"post_tag","embeddable":true,"href":"https:\/\/curva1.com.ar\/index.php?rest_route=%2Fwp%2Fv2%2Ftags&post=8772"}],"curies":[{"name":"wp","href":"https:\/\/api.w.org\/{rel}","templated":true}]}}