{"id":8787,"date":"2013-09-02T16:50:15","date_gmt":"2013-09-02T19:50:15","guid":{"rendered":"http:\/\/www.curva1.com.ar\/?p=8787"},"modified":"2013-09-02T16:50:15","modified_gmt":"2013-09-02T19:50:15","slug":"resumen-del-gp-aniversario-del-kartodromo-de-san-martin-junto-a-la-fecha-doble-del-karting-cuyano","status":"publish","type":"post","link":"https:\/\/curva1.com.ar\/?p=8787","title":{"rendered":"Resumen del GP Aniversario del Kart\u00f3dromo de San Mart\u00edn, junto a la fecha doble del Karting Cuyano"},"content":{"rendered":"<p><img loading=\"lazy\" decoding=\"async\" class=\"aligncenter size-full wp-image-8788\" alt=\"IMG_6107\" src=\"http:\/\/www.curva1.com.ar\/wp-content\/uploads\/2013\/09\/IMG_6107.jpg\" width=\"500\" height=\"281\" srcset=\"https:\/\/curva1.com.ar\/wp-content\/uploads\/2013\/09\/IMG_6107.jpg 500w, https:\/\/curva1.com.ar\/wp-content\/uploads\/2013\/09\/IMG_6107-300x169.jpg 300w\" sizes=\"auto, (max-width: 500px) 100vw, 500px\" \/><\/p>\n<p>Con un excelente clima y definiciones emocionantes, se llev\u00f3 a cabo el Gran Premio Aniversario \u201cMS Plotters\u201d del Kart\u00f3dromo de San Mart\u00edn, celebrando su primer a\u00f1o de vida, desde aquel 2 de setiembre de 2012 cuando se inaugur\u00f3 e hizo renacer el karting de Mendoza.<\/p>\n<p>El GP Aniversario se desarroll\u00f3 durante dos d\u00edas, con una fecha doble, donde la 5\u00ba cita del a\u00f1o se realiz\u00f3 el s\u00e1bado y la 6\u00ba cerr\u00f3 las actividades el d\u00eda domingo. Hubo en total 24 carreras y 84 puntos en juego.<\/p>\n<p>La organizaci\u00f3n fue de la Subcomisi\u00f3n de Karting de AVE, fiscalizaci\u00f3n de FEMAD, cronometraje de Crono Argentina, cobertura m\u00e9dica de AAV y los relatos en el circuito estuvieron a cargo de Ariel Dupaus.<\/p>\n<blockquote><p><a href=\"http:\/\/curva1kart.com.ar\/noticias\/?p=33274\" target=\"_blank\"><strong>Leer INFORME COMPLETO y RESULTADOS<\/strong><\/a><\/p><\/blockquote>\n","protected":false},"excerpt":{"rendered":"<p>Con un excelente clima y definiciones emocionantes, se llev\u00f3 a cabo el Gran Premio Aniversario<\/p>\n","protected":false},"author":1,"featured_media":8788,"comment_status":"open","ping_status":"closed","sticky":false,"template":"","format":"standard","meta":{"footnotes":""},"categories":[4],"tags":[],"class_list":["post-8787","post","type-post","status-publish","format-standard","has-post-thumbnail","hentry","category-karting"],"featured_image_urls":{"full":["https:\/\/curva1.com.ar\/wp-content\/uploads\/2013\/09\/IMG_6107.jpg",500,281,false],"thumbnail":["https:\/\/curva1.com.ar\/wp-content\/uploads\/2013\/09\/IMG_6107-300x169.jpg",300,169,true],"medium":["https:\/\/curva1.com.ar\/wp-content\/uploads\/2013\/09\/IMG_6107.jpg",500,281,false],"medium_large":["https:\/\/curva1.com.ar\/wp-content\/uploads\/2013\/09\/IMG_6107.jpg",500,281,false],"large":["https:\/\/curva1.com.ar\/wp-content\/uploads\/2013\/09\/IMG_6107.jpg",500,281,false],"1536x1536":["https:\/\/curva1.com.ar\/wp-content\/uploads\/2013\/09\/IMG_6107.jpg",500,281,false],"2048x2048":["https:\/\/curva1.com.ar\/wp-content\/uploads\/2013\/09\/IMG_6107.jpg",500,281,false],"chromenews-featured":["https:\/\/curva1.com.ar\/wp-content\/uploads\/2013\/09\/IMG_6107.jpg",500,281,false],"chromenews-large":["https:\/\/curva1.com.ar\/wp-content\/uploads\/2013\/09\/IMG_6107.jpg",500,281,false],"chromenews-medium":["https:\/\/curva1.com.ar\/wp-content\/uploads\/2013\/09\/IMG_6107.jpg",500,281,false]},"author_info":{"display_name":"Jos\u00e9 Bravo","author_link":"https:\/\/curva1.com.ar\/?author=1"},"category_info":"<a href=\"https:\/\/curva1.com.ar\/?cat=4\" rel=\"category\">Karting Asfalto<\/a>","tag_info":"Karting Asfalto","comment_count":"0","_links":{"self":[{"href":"https:\/\/curva1.com.ar\/index.php?rest_route=\/wp\/v2\/posts\/8787","targetHints":{"allow":["GET"]}}],"collection":[{"href":"https:\/\/curva1.com.ar\/index.php?rest_route=\/wp\/v2\/posts"}],"about":[{"href":"https:\/\/curva1.com.ar\/index.php?rest_route=\/wp\/v2\/types\/post"}],"author":[{"embeddable":true,"href":"https:\/\/curva1.com.ar\/index.php?rest_route=\/wp\/v2\/users\/1"}],"replies":[{"embeddable":true,"href":"https:\/\/curva1.com.ar\/index.php?rest_route=%2Fwp%2Fv2%2Fcomments&post=8787"}],"version-history":[{"count":1,"href":"https:\/\/curva1.com.ar\/index.php?rest_route=\/wp\/v2\/posts\/8787\/revisions"}],"predecessor-version":[{"id":8789,"href":"https:\/\/curva1.com.ar\/index.php?rest_route=\/wp\/v2\/posts\/8787\/revisions\/8789"}],"wp:featuredmedia":[{"embeddable":true,"href":"https:\/\/curva1.com.ar\/index.php?rest_route=\/wp\/v2\/media\/8788"}],"wp:attachment":[{"href":"https:\/\/curva1.com.ar\/index.php?rest_route=%2Fwp%2Fv2%2Fmedia&parent=8787"}],"wp:term":[{"taxonomy":"category","embeddable":true,"href":"https:\/\/curva1.com.ar\/index.php?rest_route=%2Fwp%2Fv2%2Fcategories&post=8787"},{"taxonomy":"post_tag","embeddable":true,"href":"https:\/\/curva1.com.ar\/index.php?rest_route=%2Fwp%2Fv2%2Ftags&post=8787"}],"curies":[{"name":"wp","href":"https:\/\/api.w.org\/{rel}","templated":true}]}}