{"id":8804,"date":"2013-09-04T16:21:28","date_gmt":"2013-09-04T19:21:28","guid":{"rendered":"http:\/\/www.curva1.com.ar\/?p=8804"},"modified":"2013-09-04T18:45:45","modified_gmt":"2013-09-04T21:45:45","slug":"super-tc2000-y-top-race-correran-juntas-el-6-de-octubre-en-mendoza","status":"publish","type":"post","link":"https:\/\/curva1.com.ar\/?p=8804","title":{"rendered":"S\u00faper TC2000 y Top Race correr\u00e1n juntas el 6 de octubre en Mendoza"},"content":{"rendered":"<p><img loading=\"lazy\" decoding=\"async\" class=\"aligncenter size-full wp-image-8806\" alt=\"0195\" src=\"http:\/\/www.curva1.com.ar\/wp-content\/uploads\/2013\/09\/0195.jpg\" width=\"500\" height=\"281\" srcset=\"https:\/\/curva1.com.ar\/wp-content\/uploads\/2013\/09\/0195.jpg 500w, https:\/\/curva1.com.ar\/wp-content\/uploads\/2013\/09\/0195-300x169.jpg 300w\" sizes=\"auto, (max-width: 500px) 100vw, 500px\" \/><\/p>\n<p>A continuaci\u00f3n detallamos\u00a0las fechas\u00a0y los\u00a0escenarios\u00a0que completar\u00e1n elcalendario 2013\u00a0del\u00a02do Campeonato Argentino de S\u00faper TC2000.\u00a0Rio Negro, Mendoza, Buenos Aires\u00a0y\u00a0San Luis\u00a0son las provincias que visitar\u00e1 el periplo del a\u00f1o en curso.<\/p>\n<p><span style=\"color: #ff0000;\">En\u00a0Mendoza\u00a0se realizar\u00e1 un\u00a0mega evento\u00a0automovil\u00edstico\u00a0ya que \u00a0a las categor\u00edas que habitualmente acompa\u00f1an a\u00a0S\u00faper TC2000\u00a0como son la\u00a0F\u00f3rmula Renault 2,0\u00a0y la\u00a0Fiat Punto Abarth Competizione, se sumar\u00e1n en esta oportunidad el\u00a0TRV6\u00a0y el\u00a0Top Race Series.<\/span><\/p>\n<ul>\n<li>22\/09 Aut\u00f3dromo Parque Ciudad de General Roca, provincia de R\u00edo Negro (junto a F\u00f3rmula Renault 2,0 y Fiat Punto Abarth Competizione).<\/li>\n<li><strong>6\/10 Aut\u00f3dromo Jorge \u00c1ngel Pena de San Mart\u00edn, provincia de Mendoza (junto a F\u00f3rmula Renault 2,0, Fiat Punto Abarth Competizione TRV6 y TR Series).<\/strong><\/li>\n<li>19\/10 Estadio \u00danico Ciudad de La Plata, provincia de Buenos Aires\u00a0(junto a Fiat Punto Abarth Competizione).<\/li>\n<li>01\/12 Circuito Internacional Potrero de los Funes, provincia de San Luis (junto a TC2000, F\u00f3rmula Renault 2,0 y Fiat Punto Abarth Competizione).<\/li>\n<\/ul>\n<p>&nbsp;<\/p>\n","protected":false},"excerpt":{"rendered":"<p>A continuaci\u00f3n detallamos\u00a0las fechas\u00a0y los\u00a0escenarios\u00a0que completar\u00e1n elcalendario 2013\u00a0del\u00a02do Campeonato Argentino de S\u00faper TC2000.\u00a0Rio Negro, Mendoza,<\/p>\n","protected":false},"author":1,"featured_media":8806,"comment_status":"open","ping_status":"closed","sticky":false,"template":"","format":"standard","meta":{"footnotes":""},"categories":[6],"tags":[],"class_list":["post-8804","post","type-post","status-publish","format-standard","has-post-thumbnail","hentry","category-nacionales"],"featured_image_urls":{"full":["https:\/\/curva1.com.ar\/wp-content\/uploads\/2013\/09\/0195.jpg",500,281,false],"thumbnail":["https:\/\/curva1.com.ar\/wp-content\/uploads\/2013\/09\/0195-300x169.jpg",300,169,true],"medium":["https:\/\/curva1.com.ar\/wp-content\/uploads\/2013\/09\/0195.jpg",500,281,false],"medium_large":["https:\/\/curva1.com.ar\/wp-content\/uploads\/2013\/09\/0195.jpg",500,281,false],"large":["https:\/\/curva1.com.ar\/wp-content\/uploads\/2013\/09\/0195.jpg",500,281,false],"1536x1536":["https:\/\/curva1.com.ar\/wp-content\/uploads\/2013\/09\/0195.jpg",500,281,false],"2048x2048":["https:\/\/curva1.com.ar\/wp-content\/uploads\/2013\/09\/0195.jpg",500,281,false],"chromenews-featured":["https:\/\/curva1.com.ar\/wp-content\/uploads\/2013\/09\/0195.jpg",500,281,false],"chromenews-large":["https:\/\/curva1.com.ar\/wp-content\/uploads\/2013\/09\/0195.jpg",500,281,false],"chromenews-medium":["https:\/\/curva1.com.ar\/wp-content\/uploads\/2013\/09\/0195.jpg",500,281,false]},"author_info":{"display_name":"Jos\u00e9 Bravo","author_link":"https:\/\/curva1.com.ar\/?author=1"},"category_info":"<a href=\"https:\/\/curva1.com.ar\/?cat=6\" rel=\"category\">Nacionales<\/a>","tag_info":"Nacionales","comment_count":"0","_links":{"self":[{"href":"https:\/\/curva1.com.ar\/index.php?rest_route=\/wp\/v2\/posts\/8804","targetHints":{"allow":["GET"]}}],"collection":[{"href":"https:\/\/curva1.com.ar\/index.php?rest_route=\/wp\/v2\/posts"}],"about":[{"href":"https:\/\/curva1.com.ar\/index.php?rest_route=\/wp\/v2\/types\/post"}],"author":[{"embeddable":true,"href":"https:\/\/curva1.com.ar\/index.php?rest_route=\/wp\/v2\/users\/1"}],"replies":[{"embeddable":true,"href":"https:\/\/curva1.com.ar\/index.php?rest_route=%2Fwp%2Fv2%2Fcomments&post=8804"}],"version-history":[{"count":4,"href":"https:\/\/curva1.com.ar\/index.php?rest_route=\/wp\/v2\/posts\/8804\/revisions"}],"predecessor-version":[{"id":8809,"href":"https:\/\/curva1.com.ar\/index.php?rest_route=\/wp\/v2\/posts\/8804\/revisions\/8809"}],"wp:featuredmedia":[{"embeddable":true,"href":"https:\/\/curva1.com.ar\/index.php?rest_route=\/wp\/v2\/media\/8806"}],"wp:attachment":[{"href":"https:\/\/curva1.com.ar\/index.php?rest_route=%2Fwp%2Fv2%2Fmedia&parent=8804"}],"wp:term":[{"taxonomy":"category","embeddable":true,"href":"https:\/\/curva1.com.ar\/index.php?rest_route=%2Fwp%2Fv2%2Fcategories&post=8804"},{"taxonomy":"post_tag","embeddable":true,"href":"https:\/\/curva1.com.ar\/index.php?rest_route=%2Fwp%2Fv2%2Ftags&post=8804"}],"curies":[{"name":"wp","href":"https:\/\/api.w.org\/{rel}","templated":true}]}}