{"id":8810,"date":"2013-09-05T13:34:54","date_gmt":"2013-09-05T16:34:54","guid":{"rendered":"http:\/\/www.curva1.com.ar\/?p=8810"},"modified":"2013-09-05T13:34:54","modified_gmt":"2013-09-05T16:34:54","slug":"el-guido-maineri-espera-por-la-octava-fecha-de-tradicionales","status":"publish","type":"post","link":"https:\/\/curva1.com.ar\/?p=8810","title":{"rendered":"El Guido Maineri espera por la octava fecha de Tradicionales"},"content":{"rendered":"<figure id=\"attachment_8811\" aria-describedby=\"caption-attachment-8811\" style=\"width: 500px\" class=\"wp-caption aligncenter\"><img loading=\"lazy\" decoding=\"async\" class=\"size-full wp-image-8811\" alt=\"Fotos: Femad\" src=\"http:\/\/www.curva1.com.ar\/wp-content\/uploads\/2013\/09\/945755_157149791143991_1873262334_n.jpg\" width=\"500\" height=\"281\" srcset=\"https:\/\/curva1.com.ar\/wp-content\/uploads\/2013\/09\/945755_157149791143991_1873262334_n.jpg 500w, https:\/\/curva1.com.ar\/wp-content\/uploads\/2013\/09\/945755_157149791143991_1873262334_n-300x169.jpg 300w\" sizes=\"auto, (max-width: 500px) 100vw, 500px\" \/><figcaption id=\"caption-attachment-8811\" class=\"wp-caption-text\">Fotos: Femad<\/figcaption><\/figure>\n<p>Este fin de semana se llevar\u00e1 a cabo un nuevo cap\u00edtulo del automovilismo de tierra de Mendoza.\u00a0 Ser\u00e1 en el aut\u00f3dromo de Jun\u00edn con la organizaci\u00f3n de la familia Imberti.<\/p>\n<p><strong>&#8220;Tenemos el circuito listo. Desde el s\u00e1bado que estamos reg\u00e1ndolo y ya est\u00e1 bien pisado. Esperamos contar con un buen clima y un buen n\u00famero de autos, m\u00e1s el p\u00fablico que siempre nos acompa\u00f1a&#8221;<\/strong> expres\u00f3 N\u00e9stor Imberti a Curva 1, quien agreg\u00f3<strong> &#8220;ya comenzamos tambi\u00e9n con la publicidad de la carrera, como habitualmente lo hacemos&#8221;.<\/strong><\/p>\n<p>El clima para el aut\u00f3dromo que se encuentra en Calle Corval\u00e1n s\/n de Jun\u00edn indica: <em><strong>nubosidad variable (M\u00edn. 17\u00ba y M\u00e1x. 28)<\/strong><\/em><\/p>\n<p><img loading=\"lazy\" decoding=\"async\" class=\"aligncenter size-full wp-image-8812\" alt=\"44596_157150004477303_618539903_n\" src=\"http:\/\/www.curva1.com.ar\/wp-content\/uploads\/2013\/09\/44596_157150004477303_618539903_n.jpg\" width=\"500\" height=\"281\" srcset=\"https:\/\/curva1.com.ar\/wp-content\/uploads\/2013\/09\/44596_157150004477303_618539903_n.jpg 500w, https:\/\/curva1.com.ar\/wp-content\/uploads\/2013\/09\/44596_157150004477303_618539903_n-300x169.jpg 300w\" sizes=\"auto, (max-width: 500px) 100vw, 500px\" \/><\/p>\n","protected":false},"excerpt":{"rendered":"<p>Este fin de semana se llevar\u00e1 a cabo un nuevo cap\u00edtulo del automovilismo de tierra<\/p>\n","protected":false},"author":1,"featured_media":8811,"comment_status":"open","ping_status":"closed","sticky":false,"template":"","format":"standard","meta":{"footnotes":""},"categories":[3],"tags":[],"class_list":["post-8810","post","type-post","status-publish","format-standard","has-post-thumbnail","hentry","category-tradicionales"],"featured_image_urls":{"full":["https:\/\/curva1.com.ar\/wp-content\/uploads\/2013\/09\/945755_157149791143991_1873262334_n.jpg",500,281,false],"thumbnail":["https:\/\/curva1.com.ar\/wp-content\/uploads\/2013\/09\/945755_157149791143991_1873262334_n-300x169.jpg",300,169,true],"medium":["https:\/\/curva1.com.ar\/wp-content\/uploads\/2013\/09\/945755_157149791143991_1873262334_n.jpg",500,281,false],"medium_large":["https:\/\/curva1.com.ar\/wp-content\/uploads\/2013\/09\/945755_157149791143991_1873262334_n.jpg",500,281,false],"large":["https:\/\/curva1.com.ar\/wp-content\/uploads\/2013\/09\/945755_157149791143991_1873262334_n.jpg",500,281,false],"1536x1536":["https:\/\/curva1.com.ar\/wp-content\/uploads\/2013\/09\/945755_157149791143991_1873262334_n.jpg",500,281,false],"2048x2048":["https:\/\/curva1.com.ar\/wp-content\/uploads\/2013\/09\/945755_157149791143991_1873262334_n.jpg",500,281,false],"chromenews-featured":["https:\/\/curva1.com.ar\/wp-content\/uploads\/2013\/09\/945755_157149791143991_1873262334_n.jpg",500,281,false],"chromenews-large":["https:\/\/curva1.com.ar\/wp-content\/uploads\/2013\/09\/945755_157149791143991_1873262334_n.jpg",500,281,false],"chromenews-medium":["https:\/\/curva1.com.ar\/wp-content\/uploads\/2013\/09\/945755_157149791143991_1873262334_n.jpg",500,281,false]},"author_info":{"display_name":"Jos\u00e9 Bravo","author_link":"https:\/\/curva1.com.ar\/?author=1"},"category_info":"<a href=\"https:\/\/curva1.com.ar\/?cat=3\" rel=\"category\">Tradicionales<\/a>","tag_info":"Tradicionales","comment_count":"0","_links":{"self":[{"href":"https:\/\/curva1.com.ar\/index.php?rest_route=\/wp\/v2\/posts\/8810","targetHints":{"allow":["GET"]}}],"collection":[{"href":"https:\/\/curva1.com.ar\/index.php?rest_route=\/wp\/v2\/posts"}],"about":[{"href":"https:\/\/curva1.com.ar\/index.php?rest_route=\/wp\/v2\/types\/post"}],"author":[{"embeddable":true,"href":"https:\/\/curva1.com.ar\/index.php?rest_route=\/wp\/v2\/users\/1"}],"replies":[{"embeddable":true,"href":"https:\/\/curva1.com.ar\/index.php?rest_route=%2Fwp%2Fv2%2Fcomments&post=8810"}],"version-history":[{"count":1,"href":"https:\/\/curva1.com.ar\/index.php?rest_route=\/wp\/v2\/posts\/8810\/revisions"}],"predecessor-version":[{"id":8813,"href":"https:\/\/curva1.com.ar\/index.php?rest_route=\/wp\/v2\/posts\/8810\/revisions\/8813"}],"wp:featuredmedia":[{"embeddable":true,"href":"https:\/\/curva1.com.ar\/index.php?rest_route=\/wp\/v2\/media\/8811"}],"wp:attachment":[{"href":"https:\/\/curva1.com.ar\/index.php?rest_route=%2Fwp%2Fv2%2Fmedia&parent=8810"}],"wp:term":[{"taxonomy":"category","embeddable":true,"href":"https:\/\/curva1.com.ar\/index.php?rest_route=%2Fwp%2Fv2%2Fcategories&post=8810"},{"taxonomy":"post_tag","embeddable":true,"href":"https:\/\/curva1.com.ar\/index.php?rest_route=%2Fwp%2Fv2%2Ftags&post=8810"}],"curies":[{"name":"wp","href":"https:\/\/api.w.org\/{rel}","templated":true}]}}