{"id":8818,"date":"2013-09-05T14:15:30","date_gmt":"2013-09-05T17:15:30","guid":{"rendered":"http:\/\/www.curva1.com.ar\/?p=8818"},"modified":"2013-09-05T16:42:42","modified_gmt":"2013-09-05T19:42:42","slug":"se-hizo-el-montaje-del-motor-ford-multi-valvulas-para-turismo-carretera","status":"publish","type":"post","link":"https:\/\/curva1.com.ar\/?p=8818","title":{"rendered":"Se hizo el montaje del motor Ford multi-v\u00e1lvulas para TC"},"content":{"rendered":"<p><img loading=\"lazy\" decoding=\"async\" class=\"aligncenter size-full wp-image-8819\" alt=\"cfafats\" src=\"http:\/\/www.curva1.com.ar\/wp-content\/uploads\/2013\/09\/cfafats.jpg\" width=\"500\" height=\"281\" srcset=\"https:\/\/curva1.com.ar\/wp-content\/uploads\/2013\/09\/cfafats.jpg 500w, https:\/\/curva1.com.ar\/wp-content\/uploads\/2013\/09\/cfafats-300x169.jpg 300w\" sizes=\"auto, (max-width: 500px) 100vw, 500px\" \/><\/p>\n<p>En la jornada de ayer el departamento t\u00e9cnico de la ACTC se mont\u00f3 un motor Ford multi-v\u00e1lvulas en una de las estructuras desarrolladas por los hermanos Jakos.<\/p>\n<p><strong><em>&#8220;A partir de la estructura construida se llev\u00f3 el motor multi-v\u00e1lvulas, se present\u00f3 para ver que no haya interferencia con ning\u00fan elemento perif\u00e9rico del motor llamese m\u00faltiple, admisi\u00f3n o el c\u00e1rter. Qued\u00f3 un detalle para corregir, pero ya est\u00e1 todo evaluado y elaborado por lo que el plano que tenemos construido es el que se va a hacer. Ahora solo queda construir los chasis porque ya est\u00e1 todo aprobado&#8221;<\/em><\/strong>, expres\u00f3 el Ingeniero Alejandro Solga encargado del \u00e1rea t\u00e9cnica de la ACTC, luego de que se probara, estructuralmente por primera vez en un Ford, el motor desarrollado por Oreste Berta.<\/p>\n<p>Por otro lado, Solga hizo referencia al Torneo que se planea armar para el 2014,\u00a0<em><strong>&#8220;la Comisi\u00f3n Directiva le dar\u00e1 forma definitivamente, pero la idea es hacer tres autos de cada marca y que compitan los pilotos top de cada marca&#8221;.<\/strong><\/em><\/p>\n<p>Mir\u00e1 el video del montaje: <a href=\"https:\/\/www.facebook.com\/photo.php?v=10201398811363708\" target=\"_blank\">https:\/\/www.facebook.com\/photo.php?v=10201398811363708<\/a><\/p>\n<p><img loading=\"lazy\" decoding=\"async\" class=\"aligncenter size-full wp-image-8821\" alt=\"cmontane ats\" src=\"http:\/\/www.curva1.com.ar\/wp-content\/uploads\/2013\/09\/cmontane-ats.jpg\" width=\"501\" height=\"282\" srcset=\"https:\/\/curva1.com.ar\/wp-content\/uploads\/2013\/09\/cmontane-ats.jpg 600w, https:\/\/curva1.com.ar\/wp-content\/uploads\/2013\/09\/cmontane-ats-300x169.jpg 300w, https:\/\/curva1.com.ar\/wp-content\/uploads\/2013\/09\/cmontane-ats-598x337.jpg 598w\" sizes=\"auto, (max-width: 501px) 100vw, 501px\" \/><\/p>\n<p>&nbsp;<\/p>\n","protected":false},"excerpt":{"rendered":"<p>En la jornada de ayer el departamento t\u00e9cnico de la ACTC se mont\u00f3 un motor<\/p>\n","protected":false},"author":1,"featured_media":8821,"comment_status":"open","ping_status":"closed","sticky":false,"template":"","format":"standard","meta":{"footnotes":""},"categories":[6],"tags":[],"class_list":["post-8818","post","type-post","status-publish","format-standard","has-post-thumbnail","hentry","category-nacionales"],"featured_image_urls":{"full":["https:\/\/curva1.com.ar\/wp-content\/uploads\/2013\/09\/cmontane-ats.jpg",600,338,false],"thumbnail":["https:\/\/curva1.com.ar\/wp-content\/uploads\/2013\/09\/cmontane-ats-300x169.jpg",300,169,true],"medium":["https:\/\/curva1.com.ar\/wp-content\/uploads\/2013\/09\/cmontane-ats-598x337.jpg",598,337,true],"medium_large":["https:\/\/curva1.com.ar\/wp-content\/uploads\/2013\/09\/cmontane-ats.jpg",600,338,false],"large":["https:\/\/curva1.com.ar\/wp-content\/uploads\/2013\/09\/cmontane-ats.jpg",600,338,false],"1536x1536":["https:\/\/curva1.com.ar\/wp-content\/uploads\/2013\/09\/cmontane-ats.jpg",600,338,false],"2048x2048":["https:\/\/curva1.com.ar\/wp-content\/uploads\/2013\/09\/cmontane-ats.jpg",600,338,false],"chromenews-featured":["https:\/\/curva1.com.ar\/wp-content\/uploads\/2013\/09\/cmontane-ats.jpg",600,338,false],"chromenews-large":["https:\/\/curva1.com.ar\/wp-content\/uploads\/2013\/09\/cmontane-ats.jpg",600,338,false],"chromenews-medium":["https:\/\/curva1.com.ar\/wp-content\/uploads\/2013\/09\/cmontane-ats.jpg",590,332,false]},"author_info":{"display_name":"Jos\u00e9 Bravo","author_link":"https:\/\/curva1.com.ar\/?author=1"},"category_info":"<a href=\"https:\/\/curva1.com.ar\/?cat=6\" rel=\"category\">Nacionales<\/a>","tag_info":"Nacionales","comment_count":"0","_links":{"self":[{"href":"https:\/\/curva1.com.ar\/index.php?rest_route=\/wp\/v2\/posts\/8818","targetHints":{"allow":["GET"]}}],"collection":[{"href":"https:\/\/curva1.com.ar\/index.php?rest_route=\/wp\/v2\/posts"}],"about":[{"href":"https:\/\/curva1.com.ar\/index.php?rest_route=\/wp\/v2\/types\/post"}],"author":[{"embeddable":true,"href":"https:\/\/curva1.com.ar\/index.php?rest_route=\/wp\/v2\/users\/1"}],"replies":[{"embeddable":true,"href":"https:\/\/curva1.com.ar\/index.php?rest_route=%2Fwp%2Fv2%2Fcomments&post=8818"}],"version-history":[{"count":3,"href":"https:\/\/curva1.com.ar\/index.php?rest_route=\/wp\/v2\/posts\/8818\/revisions"}],"predecessor-version":[{"id":8827,"href":"https:\/\/curva1.com.ar\/index.php?rest_route=\/wp\/v2\/posts\/8818\/revisions\/8827"}],"wp:featuredmedia":[{"embeddable":true,"href":"https:\/\/curva1.com.ar\/index.php?rest_route=\/wp\/v2\/media\/8821"}],"wp:attachment":[{"href":"https:\/\/curva1.com.ar\/index.php?rest_route=%2Fwp%2Fv2%2Fmedia&parent=8818"}],"wp:term":[{"taxonomy":"category","embeddable":true,"href":"https:\/\/curva1.com.ar\/index.php?rest_route=%2Fwp%2Fv2%2Fcategories&post=8818"},{"taxonomy":"post_tag","embeddable":true,"href":"https:\/\/curva1.com.ar\/index.php?rest_route=%2Fwp%2Fv2%2Ftags&post=8818"}],"curies":[{"name":"wp","href":"https:\/\/api.w.org\/{rel}","templated":true}]}}