{"id":8823,"date":"2013-09-05T16:09:11","date_gmt":"2013-09-05T19:09:11","guid":{"rendered":"http:\/\/www.curva1.com.ar\/?p=8823"},"modified":"2013-09-05T16:09:11","modified_gmt":"2013-09-05T19:09:11","slug":"este-fin-de-semana-se-corre-la-quinta-del-pista-san-luis","status":"publish","type":"post","link":"https:\/\/curva1.com.ar\/?p=8823","title":{"rendered":"Este fin de semana se corre la quinta del Pista San Lu\u00eds"},"content":{"rendered":"<p><img loading=\"lazy\" decoding=\"async\" class=\"aligncenter size-full wp-image-8824\" alt=\"DSC_0218\" src=\"http:\/\/www.curva1.com.ar\/wp-content\/uploads\/2013\/09\/DSC_0218.jpg\" width=\"500\" height=\"281\" srcset=\"https:\/\/curva1.com.ar\/wp-content\/uploads\/2013\/09\/DSC_0218.jpg 500w, https:\/\/curva1.com.ar\/wp-content\/uploads\/2013\/09\/DSC_0218-300x169.jpg 300w\" sizes=\"auto, (max-width: 500px) 100vw, 500px\" \/><\/p>\n<p>Los pr\u00f3ximos 7 y 8 de Septiembre en el Autodromo Provincial Rosendo Hernandez, de la ciudad de San Luis, se llevar\u00e1 a cabo la quinta fecha del Pista San Luis en donde sus cuatro categor\u00edas (Clase 2 &#8211; Clase 3 &#8211; TC4000 y Supercar Cuyano Clase A) ir\u00e1n en busca de otro gran espect\u00e1culo.<\/p>\n<p>Para esta oportunidad la comisi\u00f3n de ARPADP brindar\u00e1 pruebas comunitarias el d\u00eda s\u00e1bado 7 de Septiembre a partir de las 14 horas. Recordamos que el autodromo estar\u00e1 habilitado para el ingreso de los equipos a partir de las 10:00 de la ma\u00f1ana, y el inicio de las pruebas comunitarias ser\u00e1 a partir de las 14:00 horas y se realizar\u00e1n 3 tandas por categor\u00eda.<\/p>\n<p>Adem\u00e1s para aquellos pilotos que deseen y con el objetivo de agilizar los tramites del d\u00eda domingo se estar\u00e1n realizando las inscripciones. Por \u00faltimo informamos que las entradas tendr\u00e1n el siguiente costo:<\/p>\n<p>Entrada General: $15<br \/>\nEntrada a boxes: $35<br \/>\nEstacionamiento: $15<\/p>\n","protected":false},"excerpt":{"rendered":"<p>Los pr\u00f3ximos 7 y 8 de Septiembre en el Autodromo Provincial Rosendo Hernandez, de la<\/p>\n","protected":false},"author":1,"featured_media":8824,"comment_status":"open","ping_status":"closed","sticky":false,"template":"","format":"standard","meta":{"footnotes":""},"categories":[1],"tags":[],"class_list":["post-8823","post","type-post","status-publish","format-standard","has-post-thumbnail","hentry","category-zonal-cuyano"],"featured_image_urls":{"full":["https:\/\/curva1.com.ar\/wp-content\/uploads\/2013\/09\/DSC_0218.jpg",500,281,false],"thumbnail":["https:\/\/curva1.com.ar\/wp-content\/uploads\/2013\/09\/DSC_0218-300x169.jpg",300,169,true],"medium":["https:\/\/curva1.com.ar\/wp-content\/uploads\/2013\/09\/DSC_0218.jpg",500,281,false],"medium_large":["https:\/\/curva1.com.ar\/wp-content\/uploads\/2013\/09\/DSC_0218.jpg",500,281,false],"large":["https:\/\/curva1.com.ar\/wp-content\/uploads\/2013\/09\/DSC_0218.jpg",500,281,false],"1536x1536":["https:\/\/curva1.com.ar\/wp-content\/uploads\/2013\/09\/DSC_0218.jpg",500,281,false],"2048x2048":["https:\/\/curva1.com.ar\/wp-content\/uploads\/2013\/09\/DSC_0218.jpg",500,281,false],"chromenews-featured":["https:\/\/curva1.com.ar\/wp-content\/uploads\/2013\/09\/DSC_0218.jpg",500,281,false],"chromenews-large":["https:\/\/curva1.com.ar\/wp-content\/uploads\/2013\/09\/DSC_0218.jpg",500,281,false],"chromenews-medium":["https:\/\/curva1.com.ar\/wp-content\/uploads\/2013\/09\/DSC_0218.jpg",500,281,false]},"author_info":{"display_name":"Jos\u00e9 Bravo","author_link":"https:\/\/curva1.com.ar\/?author=1"},"category_info":"<a href=\"https:\/\/curva1.com.ar\/?cat=1\" rel=\"category\">Zonal Cuyano<\/a>","tag_info":"Zonal Cuyano","comment_count":"0","_links":{"self":[{"href":"https:\/\/curva1.com.ar\/index.php?rest_route=\/wp\/v2\/posts\/8823","targetHints":{"allow":["GET"]}}],"collection":[{"href":"https:\/\/curva1.com.ar\/index.php?rest_route=\/wp\/v2\/posts"}],"about":[{"href":"https:\/\/curva1.com.ar\/index.php?rest_route=\/wp\/v2\/types\/post"}],"author":[{"embeddable":true,"href":"https:\/\/curva1.com.ar\/index.php?rest_route=\/wp\/v2\/users\/1"}],"replies":[{"embeddable":true,"href":"https:\/\/curva1.com.ar\/index.php?rest_route=%2Fwp%2Fv2%2Fcomments&post=8823"}],"version-history":[{"count":1,"href":"https:\/\/curva1.com.ar\/index.php?rest_route=\/wp\/v2\/posts\/8823\/revisions"}],"predecessor-version":[{"id":8825,"href":"https:\/\/curva1.com.ar\/index.php?rest_route=\/wp\/v2\/posts\/8823\/revisions\/8825"}],"wp:featuredmedia":[{"embeddable":true,"href":"https:\/\/curva1.com.ar\/index.php?rest_route=\/wp\/v2\/media\/8824"}],"wp:attachment":[{"href":"https:\/\/curva1.com.ar\/index.php?rest_route=%2Fwp%2Fv2%2Fmedia&parent=8823"}],"wp:term":[{"taxonomy":"category","embeddable":true,"href":"https:\/\/curva1.com.ar\/index.php?rest_route=%2Fwp%2Fv2%2Fcategories&post=8823"},{"taxonomy":"post_tag","embeddable":true,"href":"https:\/\/curva1.com.ar\/index.php?rest_route=%2Fwp%2Fv2%2Ftags&post=8823"}],"curies":[{"name":"wp","href":"https:\/\/api.w.org\/{rel}","templated":true}]}}