{"id":8852,"date":"2013-09-10T00:48:22","date_gmt":"2013-09-10T03:48:22","guid":{"rendered":"http:\/\/www.curva1.com.ar\/?p=8852"},"modified":"2013-09-11T01:03:56","modified_gmt":"2013-09-11T04:03:56","slug":"matias-jalaf-termino-octavo-en-parana-pero-no-le-alcanzo-para-los-play-off","status":"publish","type":"post","link":"https:\/\/curva1.com.ar\/?p=8852","title":{"rendered":"Jalaf termin\u00f3 octavo en Paran\u00e1, pero no ingres\u00f3 a los play off"},"content":{"rendered":"<p><img loading=\"lazy\" decoding=\"async\" class=\"aligncenter size-full wp-image-8853\" alt=\"1268153_10151830347514568_374768507_o\" src=\"http:\/\/www.curva1.com.ar\/wp-content\/uploads\/2013\/09\/1268153_10151830347514568_374768507_o.jpg\" width=\"500\" height=\"281\" srcset=\"https:\/\/curva1.com.ar\/wp-content\/uploads\/2013\/09\/1268153_10151830347514568_374768507_o.jpg 500w, https:\/\/curva1.com.ar\/wp-content\/uploads\/2013\/09\/1268153_10151830347514568_374768507_o-300x169.jpg 300w\" sizes=\"auto, (max-width: 500px) 100vw, 500px\" \/><\/p>\n<p>Mat\u00edas Jalaf no para de sumar y terminar entre los mejores del Turismo Carretera, en este caso tras haber avanzado y finalizado en los diez primeros de la final que se llev\u00f3 a cabo en el aut\u00f3dromo de Paran\u00e1, con el Ford del equipo Alifraco Sport.<\/p>\n<p>El mendocino, tras haber celebrado ayer su cumplea\u00f1os en el trazado de la capital entrerriana, pareci\u00f3 seguir festejando hoy al comenzar el d\u00eda domingo, formando parte de la primera serie y largando en ella desde la quinta posici\u00f3n, pero superando con una gran maniobra a Claudio Kholer y accediendo al cuarto puesto en el cual recibi\u00f3 la bandera a cuadros, detr\u00e1s de Di Palma, Angelini y el &#8220;Pato&#8221; Silva.<\/p>\n<p>En la final larg\u00f3 bien y gan\u00f3 dos posiciones en la partida misma, accediendo al d\u00e9cimo puesto y transitando en esa colocaci\u00f3n en los primeros giros de carrera detr\u00e1s de Silva y delante del &#8220;Gur\u00ed&#8221; Omar Mart\u00ednez, aunque detr\u00e1s suyo se posicion\u00f3 Gabriel Ponce de Le\u00f3n y los tres Ford transitaron muy juntos varias vueltas, cuid\u00e1ndose uno de otro hasta que el chaque\u00f1o se alej\u00f3 levemente y el de Jun\u00edn comenz\u00f3 a buscarlo por todas partes, intentando superarlo.<\/p>\n<p>Pero Mat\u00edas revirti\u00f3 la situaci\u00f3n y se volvi\u00f3 a acercar a Silva, volviendo a unirse las tres m\u00e1quinas, pr\u00e1cticamente sin distancia entre ellas, mientras que ganaban todos ellos una posici\u00f3n a cuatro giros del final de la carrera por el abandono de Guillermo Ortelli.<\/p>\n<p>A tan solo dos vueltas del final Silva movi\u00f3 el auto de radio de giro ideal y eso lo aprovech\u00f3 Jalaf, coloc\u00e1ndose en el octavo lugar de la carrera pero sin poder descuidarse de Ponce de Le\u00f3n, quien finalmente no tuvo margen para tratar de pasarlo y eso hizo que el representante de la regi\u00f3n de Cuyo, confirmando su posicionamiento de las \u00faltimas fechas en los primeros lugares del TC, arribando a la meta en el 8\u00ba puesto.<\/p>\n<p>Si bien sum\u00f3 en grande no pudo con el total alcanzado de 221 puntos clasificar a la Copa de Oro, ubic\u00e1ndose 15\u00ba en el certamen, lo que de todas maneras no empa\u00f1a un gran a\u00f1o a pesar de haber incluido una transici\u00f3n y demostrando que lo mejor est\u00e1 por venir.<\/p>\n<p>&#8220;Estoy muy contento por este resultado y agradecido a Walter Alifraco, todos los integrantes de su equipo, Mat\u00edas Crespi, Fabi\u00e1n Acu\u00f1a. Estoy conforme porque cambiamos de equipo y tuvimos que desarrollar el auto y adaptarnos, pero a la mitad del a\u00f1o ya llegamos instalados en los primeros lugares y sobre todo con regularidad y buen funcionamiento en cada circuito donde nos tocaba correr. No nos alcanz\u00f3 para clasificar a la Copa de Oro pero si seguimos con esta regularidad iremos en busca del podio en lo que queda del a\u00f1o, tratar de terminar entre los diez primeros en el campeonato, y ser\u00e1 todo antesala para poder pelear el t\u00edtulo, si seguimos por este camino, definitivamente la pr\u00f3xima temporada&#8221;.<\/p>\n<p>La pr\u00f3xima fecha del Turismo Carretera se disputar\u00e1 adem\u00e1s bien cerca de su Mendoza natal, en el aut\u00f3dromo provincial &#8220;Rosendo Hern\u00e1ndez&#8221; de San Luis.<\/p>\n","protected":false},"excerpt":{"rendered":"<p>Mat\u00edas Jalaf no para de sumar y terminar entre los mejores del Turismo Carretera, en<\/p>\n","protected":false},"author":1,"featured_media":8853,"comment_status":"open","ping_status":"closed","sticky":false,"template":"","format":"standard","meta":{"footnotes":""},"categories":[6],"tags":[],"class_list":["post-8852","post","type-post","status-publish","format-standard","has-post-thumbnail","hentry","category-nacionales"],"featured_image_urls":{"full":["https:\/\/curva1.com.ar\/wp-content\/uploads\/2013\/09\/1268153_10151830347514568_374768507_o.jpg",500,281,false],"thumbnail":["https:\/\/curva1.com.ar\/wp-content\/uploads\/2013\/09\/1268153_10151830347514568_374768507_o-300x169.jpg",300,169,true],"medium":["https:\/\/curva1.com.ar\/wp-content\/uploads\/2013\/09\/1268153_10151830347514568_374768507_o.jpg",500,281,false],"medium_large":["https:\/\/curva1.com.ar\/wp-content\/uploads\/2013\/09\/1268153_10151830347514568_374768507_o.jpg",500,281,false],"large":["https:\/\/curva1.com.ar\/wp-content\/uploads\/2013\/09\/1268153_10151830347514568_374768507_o.jpg",500,281,false],"1536x1536":["https:\/\/curva1.com.ar\/wp-content\/uploads\/2013\/09\/1268153_10151830347514568_374768507_o.jpg",500,281,false],"2048x2048":["https:\/\/curva1.com.ar\/wp-content\/uploads\/2013\/09\/1268153_10151830347514568_374768507_o.jpg",500,281,false],"chromenews-featured":["https:\/\/curva1.com.ar\/wp-content\/uploads\/2013\/09\/1268153_10151830347514568_374768507_o.jpg",500,281,false],"chromenews-large":["https:\/\/curva1.com.ar\/wp-content\/uploads\/2013\/09\/1268153_10151830347514568_374768507_o.jpg",500,281,false],"chromenews-medium":["https:\/\/curva1.com.ar\/wp-content\/uploads\/2013\/09\/1268153_10151830347514568_374768507_o.jpg",500,281,false]},"author_info":{"display_name":"Jos\u00e9 Bravo","author_link":"https:\/\/curva1.com.ar\/?author=1"},"category_info":"<a href=\"https:\/\/curva1.com.ar\/?cat=6\" rel=\"category\">Nacionales<\/a>","tag_info":"Nacionales","comment_count":"0","_links":{"self":[{"href":"https:\/\/curva1.com.ar\/index.php?rest_route=\/wp\/v2\/posts\/8852","targetHints":{"allow":["GET"]}}],"collection":[{"href":"https:\/\/curva1.com.ar\/index.php?rest_route=\/wp\/v2\/posts"}],"about":[{"href":"https:\/\/curva1.com.ar\/index.php?rest_route=\/wp\/v2\/types\/post"}],"author":[{"embeddable":true,"href":"https:\/\/curva1.com.ar\/index.php?rest_route=\/wp\/v2\/users\/1"}],"replies":[{"embeddable":true,"href":"https:\/\/curva1.com.ar\/index.php?rest_route=%2Fwp%2Fv2%2Fcomments&post=8852"}],"version-history":[{"count":3,"href":"https:\/\/curva1.com.ar\/index.php?rest_route=\/wp\/v2\/posts\/8852\/revisions"}],"predecessor-version":[{"id":8866,"href":"https:\/\/curva1.com.ar\/index.php?rest_route=\/wp\/v2\/posts\/8852\/revisions\/8866"}],"wp:featuredmedia":[{"embeddable":true,"href":"https:\/\/curva1.com.ar\/index.php?rest_route=\/wp\/v2\/media\/8853"}],"wp:attachment":[{"href":"https:\/\/curva1.com.ar\/index.php?rest_route=%2Fwp%2Fv2%2Fmedia&parent=8852"}],"wp:term":[{"taxonomy":"category","embeddable":true,"href":"https:\/\/curva1.com.ar\/index.php?rest_route=%2Fwp%2Fv2%2Fcategories&post=8852"},{"taxonomy":"post_tag","embeddable":true,"href":"https:\/\/curva1.com.ar\/index.php?rest_route=%2Fwp%2Fv2%2Ftags&post=8852"}],"curies":[{"name":"wp","href":"https:\/\/api.w.org\/{rel}","templated":true}]}}