{"id":8868,"date":"2013-09-10T01:15:02","date_gmt":"2013-09-10T04:15:02","guid":{"rendered":"http:\/\/www.curva1.com.ar\/?p=8868"},"modified":"2013-09-11T01:18:58","modified_gmt":"2013-09-11T04:18:58","slug":"mendocinos-destacados-en-el-argentino-de-motocross-en-frias","status":"publish","type":"post","link":"https:\/\/curva1.com.ar\/?p=8868","title":{"rendered":"Mendocinos destacados en el Argentino de Motocross en Fr\u00edas"},"content":{"rendered":"<p><img loading=\"lazy\" decoding=\"async\" class=\"aligncenter size-full wp-image-8869\" alt=\"gal-552499\" src=\"http:\/\/www.curva1.com.ar\/wp-content\/uploads\/2013\/09\/gal-552499.jpg\" width=\"500\" height=\"282\" srcset=\"https:\/\/curva1.com.ar\/wp-content\/uploads\/2013\/09\/gal-552499.jpg 500w, https:\/\/curva1.com.ar\/wp-content\/uploads\/2013\/09\/gal-552499-300x169.jpg 300w\" sizes=\"auto, (max-width: 500px) 100vw, 500px\" \/><\/p>\n<p>El domingo se disput\u00f3 la s\u00e9ptima fecha del campeonato Argentino de motocross sobre el circuito santiague\u00f1o de Fr\u00edas, donde Mendoza pis\u00f3 fuerte al estar en el podio de tres divisionales.<\/p>\n<p>En las categor\u00edas MX3 hubo victorias de Gabriel Fern\u00e1ndez y Julio Quiroga. Pip\u00edo celebr\u00f3 en lo m\u00e1s alto de la A derrotando a su comprovinciano Dar\u00edo L\u00f3pez, mientras que el representante de General Alvear triunf\u00f3 en la B.<\/p>\n<p>Por su parte, el lujanino Emiliano Castillo ocup\u00f3 el \u00faltimo escal\u00f3n del podio de MX1 B, en la que gan\u00f3 el riojano Juan Pablo Moya.<\/p>\n<p>Los restantes ganadores de las generales fueron: Dar\u00edo Arco (La Rioja) en MX1, Agust\u00edn Poli (San Genaro) en MX2, Timoteo Nappi (San Mart\u00edn de los Andes) en MX2 B, Nicol\u00e1s Mana (R\u00edo Cuarto) en 85 cc A y Juli\u00e1n Seibel (Macach\u00edn) en 85 cc B. Vale decir que la MX1 est\u00e1 en suspenso (por t\u00e9cnica).<\/p>\n<p>La pr\u00f3xima cita se llevar\u00e1 a cabo en Mendoza. Ser\u00e1 los d\u00edas 5 y 6 de octubre en el predio Eco de los Andes de Tunuy\u00e1n.<\/p>\n<p style=\"padding-left: 30px;\">M\u00e1s Deportes . Los Andes<\/p>\n","protected":false},"excerpt":{"rendered":"<p>El domingo se disput\u00f3 la s\u00e9ptima fecha del campeonato Argentino de motocross sobre el circuito<\/p>\n","protected":false},"author":1,"featured_media":8869,"comment_status":"open","ping_status":"closed","sticky":false,"template":"","format":"standard","meta":{"footnotes":""},"categories":[10],"tags":[],"class_list":["post-8868","post","type-post","status-publish","format-standard","has-post-thumbnail","hentry","category-motos"],"featured_image_urls":{"full":["https:\/\/curva1.com.ar\/wp-content\/uploads\/2013\/09\/gal-552499.jpg",500,282,false],"thumbnail":["https:\/\/curva1.com.ar\/wp-content\/uploads\/2013\/09\/gal-552499-300x169.jpg",300,169,true],"medium":["https:\/\/curva1.com.ar\/wp-content\/uploads\/2013\/09\/gal-552499.jpg",500,282,false],"medium_large":["https:\/\/curva1.com.ar\/wp-content\/uploads\/2013\/09\/gal-552499.jpg",500,282,false],"large":["https:\/\/curva1.com.ar\/wp-content\/uploads\/2013\/09\/gal-552499.jpg",500,282,false],"1536x1536":["https:\/\/curva1.com.ar\/wp-content\/uploads\/2013\/09\/gal-552499.jpg",500,282,false],"2048x2048":["https:\/\/curva1.com.ar\/wp-content\/uploads\/2013\/09\/gal-552499.jpg",500,282,false],"chromenews-featured":["https:\/\/curva1.com.ar\/wp-content\/uploads\/2013\/09\/gal-552499.jpg",500,282,false],"chromenews-large":["https:\/\/curva1.com.ar\/wp-content\/uploads\/2013\/09\/gal-552499.jpg",500,282,false],"chromenews-medium":["https:\/\/curva1.com.ar\/wp-content\/uploads\/2013\/09\/gal-552499.jpg",500,282,false]},"author_info":{"display_name":"Jos\u00e9 Bravo","author_link":"https:\/\/curva1.com.ar\/?author=1"},"category_info":"<a href=\"https:\/\/curva1.com.ar\/?cat=10\" rel=\"category\">Motos<\/a>","tag_info":"Motos","comment_count":"0","_links":{"self":[{"href":"https:\/\/curva1.com.ar\/index.php?rest_route=\/wp\/v2\/posts\/8868","targetHints":{"allow":["GET"]}}],"collection":[{"href":"https:\/\/curva1.com.ar\/index.php?rest_route=\/wp\/v2\/posts"}],"about":[{"href":"https:\/\/curva1.com.ar\/index.php?rest_route=\/wp\/v2\/types\/post"}],"author":[{"embeddable":true,"href":"https:\/\/curva1.com.ar\/index.php?rest_route=\/wp\/v2\/users\/1"}],"replies":[{"embeddable":true,"href":"https:\/\/curva1.com.ar\/index.php?rest_route=%2Fwp%2Fv2%2Fcomments&post=8868"}],"version-history":[{"count":1,"href":"https:\/\/curva1.com.ar\/index.php?rest_route=\/wp\/v2\/posts\/8868\/revisions"}],"predecessor-version":[{"id":8870,"href":"https:\/\/curva1.com.ar\/index.php?rest_route=\/wp\/v2\/posts\/8868\/revisions\/8870"}],"wp:featuredmedia":[{"embeddable":true,"href":"https:\/\/curva1.com.ar\/index.php?rest_route=\/wp\/v2\/media\/8869"}],"wp:attachment":[{"href":"https:\/\/curva1.com.ar\/index.php?rest_route=%2Fwp%2Fv2%2Fmedia&parent=8868"}],"wp:term":[{"taxonomy":"category","embeddable":true,"href":"https:\/\/curva1.com.ar\/index.php?rest_route=%2Fwp%2Fv2%2Fcategories&post=8868"},{"taxonomy":"post_tag","embeddable":true,"href":"https:\/\/curva1.com.ar\/index.php?rest_route=%2Fwp%2Fv2%2Ftags&post=8868"}],"curies":[{"name":"wp","href":"https:\/\/api.w.org\/{rel}","templated":true}]}}