{"id":8917,"date":"2013-09-12T16:43:45","date_gmt":"2013-09-12T19:43:45","guid":{"rendered":"http:\/\/www.curva1.com.ar\/?p=8917"},"modified":"2013-09-12T17:37:47","modified_gmt":"2013-09-12T20:37:47","slug":"crispin-diaz-confirmo-su-presencia-para-el-29-en-san-martin","status":"publish","type":"post","link":"https:\/\/curva1.com.ar\/?p=8917","title":{"rendered":"Crisp\u00edn D\u00edaz confirm\u00f3 su presencia para la sexta del zonal cuyano"},"content":{"rendered":"<p><img loading=\"lazy\" decoding=\"async\" class=\"aligncenter size-full wp-image-8919\" alt=\"1003356_664058856940275_861852416_n\" src=\"http:\/\/www.curva1.com.ar\/wp-content\/uploads\/2013\/09\/1003356_664058856940275_861852416_n.jpg\" width=\"500\" height=\"281\" srcset=\"https:\/\/curva1.com.ar\/wp-content\/uploads\/2013\/09\/1003356_664058856940275_861852416_n.jpg 500w, https:\/\/curva1.com.ar\/wp-content\/uploads\/2013\/09\/1003356_664058856940275_861852416_n-300x169.jpg 300w\" sizes=\"auto, (max-width: 500px) 100vw, 500px\" \/><\/p>\n<p>El piloto de la Clase 2 del zonal cuyano confirm\u00f3 su lugar dentro de la categor\u00eda para la carrera del 29 de octubre en Mendoza.<\/p>\n<p><strong>&#8220;Vamos a la sexta fecha con muchas espectatiivas, me encantaria se sumen mas autos es muy importante para nuestro Zonal y para mis compa\u00f1eros de pista que tienen posibilades de sera campeones seria una forma de premiarlos. Ojala se cumpla&#8221;<\/strong> dijo Crisp\u00edn en las redes sociales.<\/p>\n","protected":false},"excerpt":{"rendered":"<p>El piloto de la Clase 2 del zonal cuyano confirm\u00f3 su lugar dentro de la<\/p>\n","protected":false},"author":1,"featured_media":8919,"comment_status":"open","ping_status":"closed","sticky":false,"template":"","format":"standard","meta":{"footnotes":""},"categories":[1],"tags":[],"class_list":["post-8917","post","type-post","status-publish","format-standard","has-post-thumbnail","hentry","category-zonal-cuyano"],"featured_image_urls":{"full":["https:\/\/curva1.com.ar\/wp-content\/uploads\/2013\/09\/1003356_664058856940275_861852416_n.jpg",500,281,false],"thumbnail":["https:\/\/curva1.com.ar\/wp-content\/uploads\/2013\/09\/1003356_664058856940275_861852416_n-300x169.jpg",300,169,true],"medium":["https:\/\/curva1.com.ar\/wp-content\/uploads\/2013\/09\/1003356_664058856940275_861852416_n.jpg",500,281,false],"medium_large":["https:\/\/curva1.com.ar\/wp-content\/uploads\/2013\/09\/1003356_664058856940275_861852416_n.jpg",500,281,false],"large":["https:\/\/curva1.com.ar\/wp-content\/uploads\/2013\/09\/1003356_664058856940275_861852416_n.jpg",500,281,false],"1536x1536":["https:\/\/curva1.com.ar\/wp-content\/uploads\/2013\/09\/1003356_664058856940275_861852416_n.jpg",500,281,false],"2048x2048":["https:\/\/curva1.com.ar\/wp-content\/uploads\/2013\/09\/1003356_664058856940275_861852416_n.jpg",500,281,false],"chromenews-featured":["https:\/\/curva1.com.ar\/wp-content\/uploads\/2013\/09\/1003356_664058856940275_861852416_n.jpg",500,281,false],"chromenews-large":["https:\/\/curva1.com.ar\/wp-content\/uploads\/2013\/09\/1003356_664058856940275_861852416_n.jpg",500,281,false],"chromenews-medium":["https:\/\/curva1.com.ar\/wp-content\/uploads\/2013\/09\/1003356_664058856940275_861852416_n.jpg",500,281,false]},"author_info":{"display_name":"Jos\u00e9 Bravo","author_link":"https:\/\/curva1.com.ar\/?author=1"},"category_info":"<a href=\"https:\/\/curva1.com.ar\/?cat=1\" rel=\"category\">Zonal Cuyano<\/a>","tag_info":"Zonal Cuyano","comment_count":"0","_links":{"self":[{"href":"https:\/\/curva1.com.ar\/index.php?rest_route=\/wp\/v2\/posts\/8917","targetHints":{"allow":["GET"]}}],"collection":[{"href":"https:\/\/curva1.com.ar\/index.php?rest_route=\/wp\/v2\/posts"}],"about":[{"href":"https:\/\/curva1.com.ar\/index.php?rest_route=\/wp\/v2\/types\/post"}],"author":[{"embeddable":true,"href":"https:\/\/curva1.com.ar\/index.php?rest_route=\/wp\/v2\/users\/1"}],"replies":[{"embeddable":true,"href":"https:\/\/curva1.com.ar\/index.php?rest_route=%2Fwp%2Fv2%2Fcomments&post=8917"}],"version-history":[{"count":3,"href":"https:\/\/curva1.com.ar\/index.php?rest_route=\/wp\/v2\/posts\/8917\/revisions"}],"predecessor-version":[{"id":8929,"href":"https:\/\/curva1.com.ar\/index.php?rest_route=\/wp\/v2\/posts\/8917\/revisions\/8929"}],"wp:featuredmedia":[{"embeddable":true,"href":"https:\/\/curva1.com.ar\/index.php?rest_route=\/wp\/v2\/media\/8919"}],"wp:attachment":[{"href":"https:\/\/curva1.com.ar\/index.php?rest_route=%2Fwp%2Fv2%2Fmedia&parent=8917"}],"wp:term":[{"taxonomy":"category","embeddable":true,"href":"https:\/\/curva1.com.ar\/index.php?rest_route=%2Fwp%2Fv2%2Fcategories&post=8917"},{"taxonomy":"post_tag","embeddable":true,"href":"https:\/\/curva1.com.ar\/index.php?rest_route=%2Fwp%2Fv2%2Ftags&post=8917"}],"curies":[{"name":"wp","href":"https:\/\/api.w.org\/{rel}","templated":true}]}}