{"id":8930,"date":"2013-09-13T00:02:37","date_gmt":"2013-09-13T03:02:37","guid":{"rendered":"http:\/\/www.curva1.com.ar\/?p=8930"},"modified":"2013-09-13T00:02:37","modified_gmt":"2013-09-13T03:02:37","slug":"anexos-tecnicos-para-tc-junior-y-demas-categorias-de-tradicionales","status":"publish","type":"post","link":"https:\/\/curva1.com.ar\/?p=8930","title":{"rendered":"Anexos t\u00e9cnicos para TC J\u00fanior y dem\u00e1s categor\u00edas de Tradicionales"},"content":{"rendered":"<p><img loading=\"lazy\" decoding=\"async\" class=\"aligncenter size-full wp-image-8932\" alt=\"1275356_546216315443548_2034329902_o\" src=\"http:\/\/www.curva1.com.ar\/wp-content\/uploads\/2013\/09\/1275356_546216315443548_2034329902_o.jpg\" width=\"500\" height=\"281\" srcset=\"https:\/\/curva1.com.ar\/wp-content\/uploads\/2013\/09\/1275356_546216315443548_2034329902_o.jpg 500w, https:\/\/curva1.com.ar\/wp-content\/uploads\/2013\/09\/1275356_546216315443548_2034329902_o-300x169.jpg 300w\" sizes=\"auto, (max-width: 500px) 100vw, 500px\" \/><\/p>\n<p><span style=\"color: #ff0000;\"><strong>REGLAMENTO TECNICO DE TODAS LAS CATEGORIAS<\/strong><\/span><\/p>\n<p>La FEDERACI\u00d3N MENDOCINA DE AUTOMOVILISMO DEPORTIVO, informa a todos los pilotos licenciados de TODAS las Categor\u00edas del Campeonato Mendocino de Categor\u00edas Tradicionales, que el Consejo Directivo de Federaci\u00f3n, ha dispuesto modificar el reglamento t\u00e9cnico vigente versi\u00f3n(1-2013), en los siguientes puntos, a saber:<\/p>\n<p><b><span style=\"text-decoration: underline;\">PARA TODAS LAS CATEGORIAS:<\/span><\/b><\/p>\n<p>Por razones de seguridad, queda permitido el uso de L\u00e1minas Pl\u00e1sticas y\/o acr\u00edlicas sobre el parabrisas, a fin de\u00a0 poder eliminar el barro acumulado sobre el parabrisas del auto en la competencia.-<\/p>\n<p style=\"text-align: left;\" align=\"center\"><span style=\"color: #ff0000;\"><strong>REGLAMENTO\u00a0 TECNICO\u00a0 T.C.JUNIORS TRADICIONAL<\/strong><\/span><\/p>\n<p>La FEDERACI\u00d3N MENDOCINA DE AUTOMOVILISMO DEPORTIVO, informa a los pilotos licenciados participantes en la Categor\u00eda T.C. JUNIORS TRADICIONAL, del Campeonato Mendocino de Categor\u00edas Tradicionales, se ha dispuesto modificar el reglamento t\u00e9cnico vigente versi\u00f3n(2-2013), en los siguientes puntos, a saber:<\/p>\n<p><b>ART.12: <span style=\"text-decoration: underline;\">CUBIERTAS:<\/span> <\/b>De uso comercial, rodado original. <span style=\"text-decoration: underline;\">Permitido cubiertas rodado 14 <\/span>y\u00a0 de\u00a0 7 pulgadas M\u00e1ximo. \u00a0Se permite remarcado sobre el dibujo original (no-formaci\u00f3n de tacos).\u00a0 Hasta 8 mm transversal,\u00a0 10 mm. longitudinal.-<\/p>\n<p>Prohibido de competici\u00f3n- pantaneras- medallones y militares.<b><\/b><\/p>\n","protected":false},"excerpt":{"rendered":"<p>REGLAMENTO TECNICO DE TODAS LAS CATEGORIAS La FEDERACI\u00d3N MENDOCINA DE AUTOMOVILISMO DEPORTIVO, informa a todos<\/p>\n","protected":false},"author":1,"featured_media":8932,"comment_status":"open","ping_status":"closed","sticky":false,"template":"","format":"standard","meta":{"footnotes":""},"categories":[3],"tags":[],"class_list":["post-8930","post","type-post","status-publish","format-standard","has-post-thumbnail","hentry","category-tradicionales"],"featured_image_urls":{"full":["https:\/\/curva1.com.ar\/wp-content\/uploads\/2013\/09\/1275356_546216315443548_2034329902_o.jpg",500,281,false],"thumbnail":["https:\/\/curva1.com.ar\/wp-content\/uploads\/2013\/09\/1275356_546216315443548_2034329902_o-300x169.jpg",300,169,true],"medium":["https:\/\/curva1.com.ar\/wp-content\/uploads\/2013\/09\/1275356_546216315443548_2034329902_o.jpg",500,281,false],"medium_large":["https:\/\/curva1.com.ar\/wp-content\/uploads\/2013\/09\/1275356_546216315443548_2034329902_o.jpg",500,281,false],"large":["https:\/\/curva1.com.ar\/wp-content\/uploads\/2013\/09\/1275356_546216315443548_2034329902_o.jpg",500,281,false],"1536x1536":["https:\/\/curva1.com.ar\/wp-content\/uploads\/2013\/09\/1275356_546216315443548_2034329902_o.jpg",500,281,false],"2048x2048":["https:\/\/curva1.com.ar\/wp-content\/uploads\/2013\/09\/1275356_546216315443548_2034329902_o.jpg",500,281,false],"chromenews-featured":["https:\/\/curva1.com.ar\/wp-content\/uploads\/2013\/09\/1275356_546216315443548_2034329902_o.jpg",500,281,false],"chromenews-large":["https:\/\/curva1.com.ar\/wp-content\/uploads\/2013\/09\/1275356_546216315443548_2034329902_o.jpg",500,281,false],"chromenews-medium":["https:\/\/curva1.com.ar\/wp-content\/uploads\/2013\/09\/1275356_546216315443548_2034329902_o.jpg",500,281,false]},"author_info":{"display_name":"Jos\u00e9 Bravo","author_link":"https:\/\/curva1.com.ar\/?author=1"},"category_info":"<a href=\"https:\/\/curva1.com.ar\/?cat=3\" rel=\"category\">Tradicionales<\/a>","tag_info":"Tradicionales","comment_count":"0","_links":{"self":[{"href":"https:\/\/curva1.com.ar\/index.php?rest_route=\/wp\/v2\/posts\/8930","targetHints":{"allow":["GET"]}}],"collection":[{"href":"https:\/\/curva1.com.ar\/index.php?rest_route=\/wp\/v2\/posts"}],"about":[{"href":"https:\/\/curva1.com.ar\/index.php?rest_route=\/wp\/v2\/types\/post"}],"author":[{"embeddable":true,"href":"https:\/\/curva1.com.ar\/index.php?rest_route=\/wp\/v2\/users\/1"}],"replies":[{"embeddable":true,"href":"https:\/\/curva1.com.ar\/index.php?rest_route=%2Fwp%2Fv2%2Fcomments&post=8930"}],"version-history":[{"count":1,"href":"https:\/\/curva1.com.ar\/index.php?rest_route=\/wp\/v2\/posts\/8930\/revisions"}],"predecessor-version":[{"id":8933,"href":"https:\/\/curva1.com.ar\/index.php?rest_route=\/wp\/v2\/posts\/8930\/revisions\/8933"}],"wp:featuredmedia":[{"embeddable":true,"href":"https:\/\/curva1.com.ar\/index.php?rest_route=\/wp\/v2\/media\/8932"}],"wp:attachment":[{"href":"https:\/\/curva1.com.ar\/index.php?rest_route=%2Fwp%2Fv2%2Fmedia&parent=8930"}],"wp:term":[{"taxonomy":"category","embeddable":true,"href":"https:\/\/curva1.com.ar\/index.php?rest_route=%2Fwp%2Fv2%2Fcategories&post=8930"},{"taxonomy":"post_tag","embeddable":true,"href":"https:\/\/curva1.com.ar\/index.php?rest_route=%2Fwp%2Fv2%2Ftags&post=8930"}],"curies":[{"name":"wp","href":"https:\/\/api.w.org\/{rel}","templated":true}]}}