{"id":8946,"date":"2013-09-13T17:41:56","date_gmt":"2013-09-13T20:41:56","guid":{"rendered":"http:\/\/www.curva1.com.ar\/?p=8946"},"modified":"2013-10-11T08:54:50","modified_gmt":"2013-10-11T11:54:50","slug":"campeonatos-actualizados-del-zonal-cuyano-luego-de-5-fechas","status":"publish","type":"post","link":"https:\/\/curva1.com.ar\/?p=8946","title":{"rendered":"Campeonatos actualizados del Zonal Cuyano, luego de 5 fechas"},"content":{"rendered":"<p><img loading=\"lazy\" decoding=\"async\" class=\"aligncenter size-full wp-image-8951\" alt=\"GEDSC DIGITAL CAMERA\" src=\"http:\/\/www.curva1.com.ar\/wp-content\/uploads\/2013\/09\/GEDC2947.jpg\" width=\"500\" height=\"281\" srcset=\"https:\/\/curva1.com.ar\/wp-content\/uploads\/2013\/09\/GEDC2947.jpg 500w, https:\/\/curva1.com.ar\/wp-content\/uploads\/2013\/09\/GEDC2947-300x169.jpg 300w\" sizes=\"auto, (max-width: 500px) 100vw, 500px\" \/><\/p>\n<p>Ya pasaron cinco cap\u00edtulos del campeonato Zonal Cuyano de Pista y te mostramos como est\u00e1n las categor\u00edas, seg\u00fan la info oficial de FEMAD.<\/p>\n<p>En la Clase 1 lidera el sanjuanino Carlos Santaella, el sanfaelino Mat\u00edas Antol\u00edn manda en la Clase 2, el mendocino Mart\u00edn Figueroa es due\u00f1o del TP 1100 y el sanjuanino Franco Benedetti est\u00e1 arriba de todos en el TC Cuyano.<\/p>\n<p><img loading=\"lazy\" decoding=\"async\" class=\"aligncenter size-full wp-image-8947\" alt=\"1100ats\" src=\"http:\/\/www.curva1.com.ar\/wp-content\/uploads\/2013\/09\/1100ats.jpg\" width=\"275\" height=\"581\" srcset=\"https:\/\/curva1.com.ar\/wp-content\/uploads\/2013\/09\/1100ats.jpg 275w, https:\/\/curva1.com.ar\/wp-content\/uploads\/2013\/09\/1100ats-159x337.jpg 159w\" sizes=\"auto, (max-width: 275px) 100vw, 275px\" \/> <img loading=\"lazy\" decoding=\"async\" class=\"aligncenter size-full wp-image-8948\" alt=\"c1 ats\" src=\"http:\/\/www.curva1.com.ar\/wp-content\/uploads\/2013\/09\/c1-ats.jpg\" width=\"275\" height=\"318\" \/> <img loading=\"lazy\" decoding=\"async\" class=\"aligncenter size-full wp-image-8949\" alt=\"c2 .ats\" src=\"http:\/\/www.curva1.com.ar\/wp-content\/uploads\/2013\/09\/c2-.ats_.jpg\" width=\"275\" height=\"531\" srcset=\"https:\/\/curva1.com.ar\/wp-content\/uploads\/2013\/09\/c2-.ats_.jpg 275w, https:\/\/curva1.com.ar\/wp-content\/uploads\/2013\/09\/c2-.ats_-174x337.jpg 174w\" sizes=\"auto, (max-width: 275px) 100vw, 275px\" \/> <img loading=\"lazy\" decoding=\"async\" class=\"aligncenter size-full wp-image-8950\" alt=\"tc cats\" src=\"http:\/\/www.curva1.com.ar\/wp-content\/uploads\/2013\/09\/tc-cats.jpg\" width=\"275\" height=\"466\" srcset=\"https:\/\/curva1.com.ar\/wp-content\/uploads\/2013\/09\/tc-cats.jpg 275w, https:\/\/curva1.com.ar\/wp-content\/uploads\/2013\/09\/tc-cats-198x337.jpg 198w\" sizes=\"auto, (max-width: 275px) 100vw, 275px\" \/><\/p>\n","protected":false},"excerpt":{"rendered":"<p>Ya pasaron cinco cap\u00edtulos del campeonato Zonal Cuyano de Pista y te mostramos como est\u00e1n<\/p>\n","protected":false},"author":1,"featured_media":8951,"comment_status":"closed","ping_status":"closed","sticky":false,"template":"","format":"standard","meta":{"footnotes":""},"categories":[1],"tags":[],"class_list":["post-8946","post","type-post","status-publish","format-standard","has-post-thumbnail","hentry","category-zonal-cuyano"],"featured_image_urls":{"full":["https:\/\/curva1.com.ar\/wp-content\/uploads\/2013\/09\/GEDC2947.jpg",500,281,false],"thumbnail":["https:\/\/curva1.com.ar\/wp-content\/uploads\/2013\/09\/GEDC2947-300x169.jpg",300,169,true],"medium":["https:\/\/curva1.com.ar\/wp-content\/uploads\/2013\/09\/GEDC2947.jpg",500,281,false],"medium_large":["https:\/\/curva1.com.ar\/wp-content\/uploads\/2013\/09\/GEDC2947.jpg",500,281,false],"large":["https:\/\/curva1.com.ar\/wp-content\/uploads\/2013\/09\/GEDC2947.jpg",500,281,false],"1536x1536":["https:\/\/curva1.com.ar\/wp-content\/uploads\/2013\/09\/GEDC2947.jpg",500,281,false],"2048x2048":["https:\/\/curva1.com.ar\/wp-content\/uploads\/2013\/09\/GEDC2947.jpg",500,281,false],"chromenews-featured":["https:\/\/curva1.com.ar\/wp-content\/uploads\/2013\/09\/GEDC2947.jpg",500,281,false],"chromenews-large":["https:\/\/curva1.com.ar\/wp-content\/uploads\/2013\/09\/GEDC2947.jpg",500,281,false],"chromenews-medium":["https:\/\/curva1.com.ar\/wp-content\/uploads\/2013\/09\/GEDC2947.jpg",500,281,false]},"author_info":{"display_name":"Jos\u00e9 Bravo","author_link":"https:\/\/curva1.com.ar\/?author=1"},"category_info":"<a href=\"https:\/\/curva1.com.ar\/?cat=1\" rel=\"category\">Zonal Cuyano<\/a>","tag_info":"Zonal Cuyano","comment_count":"0","_links":{"self":[{"href":"https:\/\/curva1.com.ar\/index.php?rest_route=\/wp\/v2\/posts\/8946","targetHints":{"allow":["GET"]}}],"collection":[{"href":"https:\/\/curva1.com.ar\/index.php?rest_route=\/wp\/v2\/posts"}],"about":[{"href":"https:\/\/curva1.com.ar\/index.php?rest_route=\/wp\/v2\/types\/post"}],"author":[{"embeddable":true,"href":"https:\/\/curva1.com.ar\/index.php?rest_route=\/wp\/v2\/users\/1"}],"replies":[{"embeddable":true,"href":"https:\/\/curva1.com.ar\/index.php?rest_route=%2Fwp%2Fv2%2Fcomments&post=8946"}],"version-history":[{"count":1,"href":"https:\/\/curva1.com.ar\/index.php?rest_route=\/wp\/v2\/posts\/8946\/revisions"}],"predecessor-version":[{"id":8952,"href":"https:\/\/curva1.com.ar\/index.php?rest_route=\/wp\/v2\/posts\/8946\/revisions\/8952"}],"wp:featuredmedia":[{"embeddable":true,"href":"https:\/\/curva1.com.ar\/index.php?rest_route=\/wp\/v2\/media\/8951"}],"wp:attachment":[{"href":"https:\/\/curva1.com.ar\/index.php?rest_route=%2Fwp%2Fv2%2Fmedia&parent=8946"}],"wp:term":[{"taxonomy":"category","embeddable":true,"href":"https:\/\/curva1.com.ar\/index.php?rest_route=%2Fwp%2Fv2%2Fcategories&post=8946"},{"taxonomy":"post_tag","embeddable":true,"href":"https:\/\/curva1.com.ar\/index.php?rest_route=%2Fwp%2Fv2%2Ftags&post=8946"}],"curies":[{"name":"wp","href":"https:\/\/api.w.org\/{rel}","templated":true}]}}