{"id":8953,"date":"2013-09-13T14:45:51","date_gmt":"2013-09-13T17:45:51","guid":{"rendered":"http:\/\/www.curva1.com.ar\/?p=8953"},"modified":"2013-09-13T14:45:51","modified_gmt":"2013-09-13T17:45:51","slug":"martin-figuerao-lidera-el-tp-1100-pero-se-perdera-la-sexta-fecha","status":"publish","type":"post","link":"https:\/\/curva1.com.ar\/?p=8953","title":{"rendered":"Mart\u00edn Figuerao lidera el TP 1100 pero se perder\u00e1 la sexta fecha"},"content":{"rendered":"<p><img loading=\"lazy\" decoding=\"async\" class=\"aligncenter size-full wp-image-8954\" alt=\"IMG_0028\" src=\"http:\/\/www.curva1.com.ar\/wp-content\/uploads\/2013\/09\/IMG_0028.jpg\" width=\"500\" height=\"282\" srcset=\"https:\/\/curva1.com.ar\/wp-content\/uploads\/2013\/09\/IMG_0028.jpg 500w, https:\/\/curva1.com.ar\/wp-content\/uploads\/2013\/09\/IMG_0028-300x169.jpg 300w\" sizes=\"auto, (max-width: 500px) 100vw, 500px\" \/><\/p>\n<p>El piloto de Guaymall\u00e9n manda en la categor\u00eda m\u00e1s numerosa del zonal cuyano, pero estar\u00e1 ausente la pr\u00f3xima fecha del 29 de octubre por estar inhabilitado, sanci\u00f3n que le fue impuesta por conducta antideportiva en la \u00faltima fecha realizada en San Mart\u00edn.<\/p>\n<p style=\"padding-left: 30px;\"><span style=\"color: #000080;\">Auto N\u00ba 5 Martin Figueroa, Inhabilitaci\u00f3n con Medida Provisoria, por conducta antideportiva en torre\u00a0 de control con autoridades de la competencia.-<\/span><\/p>\n","protected":false},"excerpt":{"rendered":"<p>El piloto de Guaymall\u00e9n manda en la categor\u00eda m\u00e1s numerosa del zonal cuyano, pero estar\u00e1<\/p>\n","protected":false},"author":1,"featured_media":8954,"comment_status":"open","ping_status":"closed","sticky":false,"template":"","format":"standard","meta":{"footnotes":""},"categories":[1],"tags":[],"class_list":["post-8953","post","type-post","status-publish","format-standard","has-post-thumbnail","hentry","category-zonal-cuyano"],"featured_image_urls":{"full":["https:\/\/curva1.com.ar\/wp-content\/uploads\/2013\/09\/IMG_0028.jpg",500,282,false],"thumbnail":["https:\/\/curva1.com.ar\/wp-content\/uploads\/2013\/09\/IMG_0028-300x169.jpg",300,169,true],"medium":["https:\/\/curva1.com.ar\/wp-content\/uploads\/2013\/09\/IMG_0028.jpg",500,282,false],"medium_large":["https:\/\/curva1.com.ar\/wp-content\/uploads\/2013\/09\/IMG_0028.jpg",500,282,false],"large":["https:\/\/curva1.com.ar\/wp-content\/uploads\/2013\/09\/IMG_0028.jpg",500,282,false],"1536x1536":["https:\/\/curva1.com.ar\/wp-content\/uploads\/2013\/09\/IMG_0028.jpg",500,282,false],"2048x2048":["https:\/\/curva1.com.ar\/wp-content\/uploads\/2013\/09\/IMG_0028.jpg",500,282,false],"chromenews-featured":["https:\/\/curva1.com.ar\/wp-content\/uploads\/2013\/09\/IMG_0028.jpg",500,282,false],"chromenews-large":["https:\/\/curva1.com.ar\/wp-content\/uploads\/2013\/09\/IMG_0028.jpg",500,282,false],"chromenews-medium":["https:\/\/curva1.com.ar\/wp-content\/uploads\/2013\/09\/IMG_0028.jpg",500,282,false]},"author_info":{"display_name":"Jos\u00e9 Bravo","author_link":"https:\/\/curva1.com.ar\/?author=1"},"category_info":"<a href=\"https:\/\/curva1.com.ar\/?cat=1\" rel=\"category\">Zonal Cuyano<\/a>","tag_info":"Zonal Cuyano","comment_count":"0","_links":{"self":[{"href":"https:\/\/curva1.com.ar\/index.php?rest_route=\/wp\/v2\/posts\/8953","targetHints":{"allow":["GET"]}}],"collection":[{"href":"https:\/\/curva1.com.ar\/index.php?rest_route=\/wp\/v2\/posts"}],"about":[{"href":"https:\/\/curva1.com.ar\/index.php?rest_route=\/wp\/v2\/types\/post"}],"author":[{"embeddable":true,"href":"https:\/\/curva1.com.ar\/index.php?rest_route=\/wp\/v2\/users\/1"}],"replies":[{"embeddable":true,"href":"https:\/\/curva1.com.ar\/index.php?rest_route=%2Fwp%2Fv2%2Fcomments&post=8953"}],"version-history":[{"count":1,"href":"https:\/\/curva1.com.ar\/index.php?rest_route=\/wp\/v2\/posts\/8953\/revisions"}],"predecessor-version":[{"id":8955,"href":"https:\/\/curva1.com.ar\/index.php?rest_route=\/wp\/v2\/posts\/8953\/revisions\/8955"}],"wp:featuredmedia":[{"embeddable":true,"href":"https:\/\/curva1.com.ar\/index.php?rest_route=\/wp\/v2\/media\/8954"}],"wp:attachment":[{"href":"https:\/\/curva1.com.ar\/index.php?rest_route=%2Fwp%2Fv2%2Fmedia&parent=8953"}],"wp:term":[{"taxonomy":"category","embeddable":true,"href":"https:\/\/curva1.com.ar\/index.php?rest_route=%2Fwp%2Fv2%2Fcategories&post=8953"},{"taxonomy":"post_tag","embeddable":true,"href":"https:\/\/curva1.com.ar\/index.php?rest_route=%2Fwp%2Fv2%2Ftags&post=8953"}],"curies":[{"name":"wp","href":"https:\/\/api.w.org\/{rel}","templated":true}]}}