{"id":8956,"date":"2013-09-13T13:49:39","date_gmt":"2013-09-13T16:49:39","guid":{"rendered":"http:\/\/www.curva1.com.ar\/?p=8956"},"modified":"2013-09-13T14:50:15","modified_gmt":"2013-09-13T17:50:15","slug":"lautaro-estrada-corre-en-rio-cuarto-una-nueva-fecha-de-la-plus","status":"publish","type":"post","link":"https:\/\/curva1.com.ar\/?p=8956","title":{"rendered":"Lautaro Estrada corre en R\u00edo Cuarto una nueva fecha de la Plus"},"content":{"rendered":"<p><img loading=\"lazy\" decoding=\"async\" class=\"aligncenter size-full wp-image-8957\" alt=\"1186100_10201918269019225_2108232856_n\" src=\"http:\/\/www.curva1.com.ar\/wp-content\/uploads\/2013\/09\/1186100_10201918269019225_2108232856_n.jpg\" width=\"500\" height=\"281\" srcset=\"https:\/\/curva1.com.ar\/wp-content\/uploads\/2013\/09\/1186100_10201918269019225_2108232856_n.jpg 500w, https:\/\/curva1.com.ar\/wp-content\/uploads\/2013\/09\/1186100_10201918269019225_2108232856_n-300x169.jpg 300w\" sizes=\"auto, (max-width: 500px) 100vw, 500px\" \/><\/p>\n<p>El mendocino estar\u00e1 corriendo el fin de semana una nueva fecha de la F\u00f3rmula Renault Plus.<\/p>\n<p>Ser\u00e1 en el aut\u00f3dromo de R\u00edo Cuarto,\u00a0 junto al campeonato C\u00f3rdoba Pista.<\/p>\n","protected":false},"excerpt":{"rendered":"<p>El mendocino estar\u00e1 corriendo el fin de semana una nueva fecha de la F\u00f3rmula Renault<\/p>\n","protected":false},"author":1,"featured_media":8957,"comment_status":"open","ping_status":"closed","sticky":false,"template":"","format":"standard","meta":{"footnotes":""},"categories":[6],"tags":[],"class_list":["post-8956","post","type-post","status-publish","format-standard","has-post-thumbnail","hentry","category-nacionales"],"featured_image_urls":{"full":["https:\/\/curva1.com.ar\/wp-content\/uploads\/2013\/09\/1186100_10201918269019225_2108232856_n.jpg",500,281,false],"thumbnail":["https:\/\/curva1.com.ar\/wp-content\/uploads\/2013\/09\/1186100_10201918269019225_2108232856_n-300x169.jpg",300,169,true],"medium":["https:\/\/curva1.com.ar\/wp-content\/uploads\/2013\/09\/1186100_10201918269019225_2108232856_n.jpg",500,281,false],"medium_large":["https:\/\/curva1.com.ar\/wp-content\/uploads\/2013\/09\/1186100_10201918269019225_2108232856_n.jpg",500,281,false],"large":["https:\/\/curva1.com.ar\/wp-content\/uploads\/2013\/09\/1186100_10201918269019225_2108232856_n.jpg",500,281,false],"1536x1536":["https:\/\/curva1.com.ar\/wp-content\/uploads\/2013\/09\/1186100_10201918269019225_2108232856_n.jpg",500,281,false],"2048x2048":["https:\/\/curva1.com.ar\/wp-content\/uploads\/2013\/09\/1186100_10201918269019225_2108232856_n.jpg",500,281,false],"chromenews-featured":["https:\/\/curva1.com.ar\/wp-content\/uploads\/2013\/09\/1186100_10201918269019225_2108232856_n.jpg",500,281,false],"chromenews-large":["https:\/\/curva1.com.ar\/wp-content\/uploads\/2013\/09\/1186100_10201918269019225_2108232856_n.jpg",500,281,false],"chromenews-medium":["https:\/\/curva1.com.ar\/wp-content\/uploads\/2013\/09\/1186100_10201918269019225_2108232856_n.jpg",500,281,false]},"author_info":{"display_name":"Jos\u00e9 Bravo","author_link":"https:\/\/curva1.com.ar\/?author=1"},"category_info":"<a href=\"https:\/\/curva1.com.ar\/?cat=6\" rel=\"category\">Nacionales<\/a>","tag_info":"Nacionales","comment_count":"0","_links":{"self":[{"href":"https:\/\/curva1.com.ar\/index.php?rest_route=\/wp\/v2\/posts\/8956","targetHints":{"allow":["GET"]}}],"collection":[{"href":"https:\/\/curva1.com.ar\/index.php?rest_route=\/wp\/v2\/posts"}],"about":[{"href":"https:\/\/curva1.com.ar\/index.php?rest_route=\/wp\/v2\/types\/post"}],"author":[{"embeddable":true,"href":"https:\/\/curva1.com.ar\/index.php?rest_route=\/wp\/v2\/users\/1"}],"replies":[{"embeddable":true,"href":"https:\/\/curva1.com.ar\/index.php?rest_route=%2Fwp%2Fv2%2Fcomments&post=8956"}],"version-history":[{"count":1,"href":"https:\/\/curva1.com.ar\/index.php?rest_route=\/wp\/v2\/posts\/8956\/revisions"}],"predecessor-version":[{"id":8958,"href":"https:\/\/curva1.com.ar\/index.php?rest_route=\/wp\/v2\/posts\/8956\/revisions\/8958"}],"wp:featuredmedia":[{"embeddable":true,"href":"https:\/\/curva1.com.ar\/index.php?rest_route=\/wp\/v2\/media\/8957"}],"wp:attachment":[{"href":"https:\/\/curva1.com.ar\/index.php?rest_route=%2Fwp%2Fv2%2Fmedia&parent=8956"}],"wp:term":[{"taxonomy":"category","embeddable":true,"href":"https:\/\/curva1.com.ar\/index.php?rest_route=%2Fwp%2Fv2%2Fcategories&post=8956"},{"taxonomy":"post_tag","embeddable":true,"href":"https:\/\/curva1.com.ar\/index.php?rest_route=%2Fwp%2Fv2%2Ftags&post=8956"}],"curies":[{"name":"wp","href":"https:\/\/api.w.org\/{rel}","templated":true}]}}