{"id":8979,"date":"2013-09-14T17:03:04","date_gmt":"2013-09-14T20:03:04","guid":{"rendered":"http:\/\/www.curva1.com.ar\/?p=8979"},"modified":"2013-09-14T17:03:26","modified_gmt":"2013-09-14T20:03:26","slug":"top-race-confirmado-para-el-6-de-octubre-en-san-martin-mendoza","status":"publish","type":"post","link":"https:\/\/curva1.com.ar\/?p=8979","title":{"rendered":"Top Race confirmado para el 6 de octubre en San Mart\u00edn, Mendoza"},"content":{"rendered":"<p><img loading=\"lazy\" decoding=\"async\" class=\"aligncenter size-full wp-image-8980\" alt=\"VIJ1824-1000x662\" src=\"http:\/\/www.curva1.com.ar\/wp-content\/uploads\/2013\/09\/VIJ1824-1000x662.jpg\" width=\"500\" height=\"282\" srcset=\"https:\/\/curva1.com.ar\/wp-content\/uploads\/2013\/09\/VIJ1824-1000x662.jpg 500w, https:\/\/curva1.com.ar\/wp-content\/uploads\/2013\/09\/VIJ1824-1000x662-300x169.jpg 300w\" sizes=\"auto, (max-width: 500px) 100vw, 500px\" \/><\/p>\n<p>El gerenciador del Top Race, Javier Azar, confirm\u00f3 que la categor\u00eda visitar\u00e1 el aut\u00f3dromo de San Mart\u00edn (Mendoza) el pr\u00f3ximo 6 de octubre.<\/p>\n<p>Con la ca\u00edda del S\u00faper TC2000 para esa fecha, qued\u00f3 confirmado el Top Race en el Pena.<\/p>\n<blockquote class=\"twitter-tweet\"><p>Javier Azar, el gerenciador de <a href=\"https:\/\/twitter.com\/search?q=%23TRV6&amp;src=hash\">#TRV6<\/a>, confirm\u00f3 los tres circuitos de la etapa final: San Martin (Mendoza), Viedma y Centenario (Neuqu\u00e9n)<\/p>\n<p>\u2014 Leonardo Regueira (@RegueiraLeo) <a href=\"https:\/\/twitter.com\/RegueiraLeo\/statuses\/378955083888599040\">September 14, 2013<\/a><\/p><\/blockquote>\n<p>&nbsp;<\/p>\n","protected":false},"excerpt":{"rendered":"<p>El gerenciador del Top Race, Javier Azar, confirm\u00f3 que la categor\u00eda visitar\u00e1 el aut\u00f3dromo de<\/p>\n","protected":false},"author":1,"featured_media":8980,"comment_status":"open","ping_status":"closed","sticky":false,"template":"","format":"standard","meta":{"footnotes":""},"categories":[6],"tags":[],"class_list":["post-8979","post","type-post","status-publish","format-standard","has-post-thumbnail","hentry","category-nacionales"],"featured_image_urls":{"full":["https:\/\/curva1.com.ar\/wp-content\/uploads\/2013\/09\/VIJ1824-1000x662.jpg",500,282,false],"thumbnail":["https:\/\/curva1.com.ar\/wp-content\/uploads\/2013\/09\/VIJ1824-1000x662-300x169.jpg",300,169,true],"medium":["https:\/\/curva1.com.ar\/wp-content\/uploads\/2013\/09\/VIJ1824-1000x662.jpg",500,282,false],"medium_large":["https:\/\/curva1.com.ar\/wp-content\/uploads\/2013\/09\/VIJ1824-1000x662.jpg",500,282,false],"large":["https:\/\/curva1.com.ar\/wp-content\/uploads\/2013\/09\/VIJ1824-1000x662.jpg",500,282,false],"1536x1536":["https:\/\/curva1.com.ar\/wp-content\/uploads\/2013\/09\/VIJ1824-1000x662.jpg",500,282,false],"2048x2048":["https:\/\/curva1.com.ar\/wp-content\/uploads\/2013\/09\/VIJ1824-1000x662.jpg",500,282,false],"chromenews-featured":["https:\/\/curva1.com.ar\/wp-content\/uploads\/2013\/09\/VIJ1824-1000x662.jpg",500,282,false],"chromenews-large":["https:\/\/curva1.com.ar\/wp-content\/uploads\/2013\/09\/VIJ1824-1000x662.jpg",500,282,false],"chromenews-medium":["https:\/\/curva1.com.ar\/wp-content\/uploads\/2013\/09\/VIJ1824-1000x662.jpg",500,282,false]},"author_info":{"display_name":"Jos\u00e9 Bravo","author_link":"https:\/\/curva1.com.ar\/?author=1"},"category_info":"<a href=\"https:\/\/curva1.com.ar\/?cat=6\" rel=\"category\">Nacionales<\/a>","tag_info":"Nacionales","comment_count":"0","_links":{"self":[{"href":"https:\/\/curva1.com.ar\/index.php?rest_route=\/wp\/v2\/posts\/8979","targetHints":{"allow":["GET"]}}],"collection":[{"href":"https:\/\/curva1.com.ar\/index.php?rest_route=\/wp\/v2\/posts"}],"about":[{"href":"https:\/\/curva1.com.ar\/index.php?rest_route=\/wp\/v2\/types\/post"}],"author":[{"embeddable":true,"href":"https:\/\/curva1.com.ar\/index.php?rest_route=\/wp\/v2\/users\/1"}],"replies":[{"embeddable":true,"href":"https:\/\/curva1.com.ar\/index.php?rest_route=%2Fwp%2Fv2%2Fcomments&post=8979"}],"version-history":[{"count":2,"href":"https:\/\/curva1.com.ar\/index.php?rest_route=\/wp\/v2\/posts\/8979\/revisions"}],"predecessor-version":[{"id":8982,"href":"https:\/\/curva1.com.ar\/index.php?rest_route=\/wp\/v2\/posts\/8979\/revisions\/8982"}],"wp:featuredmedia":[{"embeddable":true,"href":"https:\/\/curva1.com.ar\/index.php?rest_route=\/wp\/v2\/media\/8980"}],"wp:attachment":[{"href":"https:\/\/curva1.com.ar\/index.php?rest_route=%2Fwp%2Fv2%2Fmedia&parent=8979"}],"wp:term":[{"taxonomy":"category","embeddable":true,"href":"https:\/\/curva1.com.ar\/index.php?rest_route=%2Fwp%2Fv2%2Fcategories&post=8979"},{"taxonomy":"post_tag","embeddable":true,"href":"https:\/\/curva1.com.ar\/index.php?rest_route=%2Fwp%2Fv2%2Ftags&post=8979"}],"curies":[{"name":"wp","href":"https:\/\/api.w.org\/{rel}","templated":true}]}}