{"id":9014,"date":"2013-09-18T19:13:15","date_gmt":"2013-09-18T22:13:15","guid":{"rendered":"http:\/\/www.curva1.com.ar\/?p=9014"},"modified":"2013-09-18T19:17:13","modified_gmt":"2013-09-18T22:17:13","slug":"mira-como-estuvo-el-autodromo-con-el-recital-del-indio-solari","status":"publish","type":"post","link":"https:\/\/curva1.com.ar\/?p=9014","title":{"rendered":"Mira como estuvo el aut\u00f3dromo con el recital del Indio Solari"},"content":{"rendered":"<p><img loading=\"lazy\" decoding=\"async\" class=\"aligncenter size-full wp-image-9015\" alt=\"64996_10151584922726805_1269422586_n\" src=\"http:\/\/www.curva1.com.ar\/wp-content\/uploads\/2013\/09\/64996_10151584922726805_1269422586_n.jpg\" width=\"500\" height=\"331\" \/><\/p>\n<p>&nbsp;<\/p>\n<p>El paso del recital del Indio Solari por San Mart\u00edn, Mendoza, dej\u00f3 cifras r\u00e9cord e hist\u00f3ricas, como tambi\u00e9n lo son las fotos a\u00e9reas capturadas por <strong>Mauricio Vitale<\/strong>, fot\u00f3grafo local.<\/p>\n<p>Desde distintos \u00e1ngulos, puedes ver como Vitale muestra desde el avi\u00f3n el ingreso y permanencia de la gente al escenario.<\/p>\n<p><strong>TRABAJOS<\/strong><\/p>\n<p>El mismo d\u00eda lunes, personal privado, del aut\u00f3dromo y de la Municipalidad de San Mart\u00edn comenz\u00f3 con tareas de desarmado del escenario y limpieza de todo el predio. <img loading=\"lazy\" decoding=\"async\" class=\"aligncenter size-full wp-image-9016\" alt=\"533773_10151584913466805_1290936234_n\" src=\"http:\/\/www.curva1.com.ar\/wp-content\/uploads\/2013\/09\/533773_10151584913466805_1290936234_n.jpg\" width=\"500\" height=\"332\" \/> <img loading=\"lazy\" decoding=\"async\" class=\"aligncenter size-full wp-image-9017\" alt=\"553588_10151584916456805_385722110_n\" src=\"http:\/\/www.curva1.com.ar\/wp-content\/uploads\/2013\/09\/553588_10151584916456805_385722110_n.jpg\" width=\"500\" height=\"332\" \/> <img loading=\"lazy\" decoding=\"async\" class=\"aligncenter size-full wp-image-9018\" alt=\"1233362_10151584921851805_1212706140_n\" src=\"http:\/\/www.curva1.com.ar\/wp-content\/uploads\/2013\/09\/1233362_10151584921851805_1212706140_n.jpg\" width=\"500\" height=\"332\" \/> <img loading=\"lazy\" decoding=\"async\" class=\"aligncenter size-full wp-image-9019\" alt=\"1233391_10151584918376805_411764784_n\" src=\"http:\/\/www.curva1.com.ar\/wp-content\/uploads\/2013\/09\/1233391_10151584918376805_411764784_n.jpg\" width=\"500\" height=\"332\" \/> <img loading=\"lazy\" decoding=\"async\" class=\"aligncenter size-full wp-image-9020\" alt=\"1234202_10151584917361805_237838423_n\" src=\"http:\/\/www.curva1.com.ar\/wp-content\/uploads\/2013\/09\/1234202_10151584917361805_237838423_n.jpg\" width=\"500\" height=\"332\" \/> <img loading=\"lazy\" decoding=\"async\" class=\"aligncenter size-full wp-image-9021\" alt=\"1234216_10151584913826805_1506316509_n\" src=\"http:\/\/www.curva1.com.ar\/wp-content\/uploads\/2013\/09\/1234216_10151584913826805_1506316509_n.jpg\" width=\"500\" height=\"331\" \/><\/p>\n<p><img loading=\"lazy\" decoding=\"async\" class=\"aligncenter size-full wp-image-9022\" alt=\"1240140_10151584916591805_1899290774_n\" src=\"http:\/\/www.curva1.com.ar\/wp-content\/uploads\/2013\/09\/1240140_10151584916591805_1899290774_n.jpg\" width=\"500\" height=\"331\" \/><\/p>\n","protected":false},"excerpt":{"rendered":"<p>&nbsp; El paso del recital del Indio Solari por San Mart\u00edn, Mendoza, dej\u00f3 cifras r\u00e9cord<\/p>\n","protected":false},"author":1,"featured_media":9019,"comment_status":"open","ping_status":"closed","sticky":false,"template":"","format":"standard","meta":{"footnotes":""},"categories":[1],"tags":[],"class_list":["post-9014","post","type-post","status-publish","format-standard","has-post-thumbnail","hentry","category-zonal-cuyano"],"featured_image_urls":{"full":["https:\/\/curva1.com.ar\/wp-content\/uploads\/2013\/09\/1233391_10151584918376805_411764784_n.jpg",500,332,false],"thumbnail":["https:\/\/curva1.com.ar\/wp-content\/uploads\/2013\/09\/1233391_10151584918376805_411764784_n-300x169.jpg",300,169,true],"medium":["https:\/\/curva1.com.ar\/wp-content\/uploads\/2013\/09\/1233391_10151584918376805_411764784_n.jpg",500,332,false],"medium_large":["https:\/\/curva1.com.ar\/wp-content\/uploads\/2013\/09\/1233391_10151584918376805_411764784_n.jpg",500,332,false],"large":["https:\/\/curva1.com.ar\/wp-content\/uploads\/2013\/09\/1233391_10151584918376805_411764784_n.jpg",500,332,false],"1536x1536":["https:\/\/curva1.com.ar\/wp-content\/uploads\/2013\/09\/1233391_10151584918376805_411764784_n.jpg",500,332,false],"2048x2048":["https:\/\/curva1.com.ar\/wp-content\/uploads\/2013\/09\/1233391_10151584918376805_411764784_n.jpg",500,332,false],"chromenews-featured":["https:\/\/curva1.com.ar\/wp-content\/uploads\/2013\/09\/1233391_10151584918376805_411764784_n.jpg",500,332,false],"chromenews-large":["https:\/\/curva1.com.ar\/wp-content\/uploads\/2013\/09\/1233391_10151584918376805_411764784_n.jpg",500,332,false],"chromenews-medium":["https:\/\/curva1.com.ar\/wp-content\/uploads\/2013\/09\/1233391_10151584918376805_411764784_n.jpg",500,332,false]},"author_info":{"display_name":"Jos\u00e9 Bravo","author_link":"https:\/\/curva1.com.ar\/?author=1"},"category_info":"<a href=\"https:\/\/curva1.com.ar\/?cat=1\" rel=\"category\">Zonal Cuyano<\/a>","tag_info":"Zonal Cuyano","comment_count":"0","_links":{"self":[{"href":"https:\/\/curva1.com.ar\/index.php?rest_route=\/wp\/v2\/posts\/9014","targetHints":{"allow":["GET"]}}],"collection":[{"href":"https:\/\/curva1.com.ar\/index.php?rest_route=\/wp\/v2\/posts"}],"about":[{"href":"https:\/\/curva1.com.ar\/index.php?rest_route=\/wp\/v2\/types\/post"}],"author":[{"embeddable":true,"href":"https:\/\/curva1.com.ar\/index.php?rest_route=\/wp\/v2\/users\/1"}],"replies":[{"embeddable":true,"href":"https:\/\/curva1.com.ar\/index.php?rest_route=%2Fwp%2Fv2%2Fcomments&post=9014"}],"version-history":[{"count":2,"href":"https:\/\/curva1.com.ar\/index.php?rest_route=\/wp\/v2\/posts\/9014\/revisions"}],"predecessor-version":[{"id":9025,"href":"https:\/\/curva1.com.ar\/index.php?rest_route=\/wp\/v2\/posts\/9014\/revisions\/9025"}],"wp:featuredmedia":[{"embeddable":true,"href":"https:\/\/curva1.com.ar\/index.php?rest_route=\/wp\/v2\/media\/9019"}],"wp:attachment":[{"href":"https:\/\/curva1.com.ar\/index.php?rest_route=%2Fwp%2Fv2%2Fmedia&parent=9014"}],"wp:term":[{"taxonomy":"category","embeddable":true,"href":"https:\/\/curva1.com.ar\/index.php?rest_route=%2Fwp%2Fv2%2Fcategories&post=9014"},{"taxonomy":"post_tag","embeddable":true,"href":"https:\/\/curva1.com.ar\/index.php?rest_route=%2Fwp%2Fv2%2Ftags&post=9014"}],"curies":[{"name":"wp","href":"https:\/\/api.w.org\/{rel}","templated":true}]}}