{"id":9075,"date":"2013-09-25T12:03:22","date_gmt":"2013-09-25T15:03:22","guid":{"rendered":"http:\/\/www.curva1.com.ar\/?p=9075"},"modified":"2013-09-25T12:04:48","modified_gmt":"2013-09-25T15:04:48","slug":"bajas-y-regresos-al-turismo-pista-1100-en-la-fecha-del-domingo","status":"publish","type":"post","link":"https:\/\/curva1.com.ar\/?p=9075","title":{"rendered":"Bajas y regresos al Turismo Pista 1100 en la fecha del domingo"},"content":{"rendered":"<p><img loading=\"lazy\" decoding=\"async\" class=\"aligncenter size-full wp-image-9076\" alt=\"IMG_0035\" src=\"http:\/\/www.curva1.com.ar\/wp-content\/uploads\/2013\/09\/IMG_0035.jpg\" width=\"500\" height=\"281\" srcset=\"https:\/\/curva1.com.ar\/wp-content\/uploads\/2013\/09\/IMG_0035.jpg 500w, https:\/\/curva1.com.ar\/wp-content\/uploads\/2013\/09\/IMG_0035-300x169.jpg 300w\" sizes=\"auto, (max-width: 500px) 100vw, 500px\" \/><\/p>\n<p>El finde se corre una nueva fecha del Zonal Cuyano y la &#8220;milcien&#8221; tendr\u00e1 algunas bajas y otros regresos que dar\u00e1n como resultados un parque de aproximadamente 22 autos.<\/p>\n<p>Gustavo Laur\u00eda no correr\u00e1 debido a que tiene el bautismo de su hijo.<strong> &#8220;Me es imposible estar en es fecha, pero entre bajas y altas, esperemos tener un buen parque, muy parecido al de la \u00faltima carrera&#8221;<\/strong> explic\u00f3 Laur\u00eda a Curva 1.<\/p>\n<p>Pepe Torrent anunci\u00f3 que deja el Zonal por el momento y colaborar\u00e1 con la parte deportiva en forma &#8220;extra oficial&#8221;. Torrent coment\u00f3 que <strong>&#8220;queremos que se hagan bien las cosas y voy a estar en la torre de control para filmar la carrera y tener una pruebas de toques o incidencias en pista&#8221;.<\/strong><\/p>\n<p>Entre los pilotos que vuelven a pista se encuentran el sanjuanino Federico Alvarez, el guamallino Mat\u00edas Micheli y el godoycruce\u00f1o Omar Marich, ambos con Fiat 128.<\/p>\n","protected":false},"excerpt":{"rendered":"<p>El finde se corre una nueva fecha del Zonal Cuyano y la &#8220;milcien&#8221; tendr\u00e1 algunas<\/p>\n","protected":false},"author":1,"featured_media":9076,"comment_status":"open","ping_status":"closed","sticky":false,"template":"","format":"standard","meta":{"footnotes":""},"categories":[1],"tags":[],"class_list":["post-9075","post","type-post","status-publish","format-standard","has-post-thumbnail","hentry","category-zonal-cuyano"],"featured_image_urls":{"full":["https:\/\/curva1.com.ar\/wp-content\/uploads\/2013\/09\/IMG_0035.jpg",500,281,false],"thumbnail":["https:\/\/curva1.com.ar\/wp-content\/uploads\/2013\/09\/IMG_0035-300x169.jpg",300,169,true],"medium":["https:\/\/curva1.com.ar\/wp-content\/uploads\/2013\/09\/IMG_0035.jpg",500,281,false],"medium_large":["https:\/\/curva1.com.ar\/wp-content\/uploads\/2013\/09\/IMG_0035.jpg",500,281,false],"large":["https:\/\/curva1.com.ar\/wp-content\/uploads\/2013\/09\/IMG_0035.jpg",500,281,false],"1536x1536":["https:\/\/curva1.com.ar\/wp-content\/uploads\/2013\/09\/IMG_0035.jpg",500,281,false],"2048x2048":["https:\/\/curva1.com.ar\/wp-content\/uploads\/2013\/09\/IMG_0035.jpg",500,281,false],"chromenews-featured":["https:\/\/curva1.com.ar\/wp-content\/uploads\/2013\/09\/IMG_0035.jpg",500,281,false],"chromenews-large":["https:\/\/curva1.com.ar\/wp-content\/uploads\/2013\/09\/IMG_0035.jpg",500,281,false],"chromenews-medium":["https:\/\/curva1.com.ar\/wp-content\/uploads\/2013\/09\/IMG_0035.jpg",500,281,false]},"author_info":{"display_name":"Jos\u00e9 Bravo","author_link":"https:\/\/curva1.com.ar\/?author=1"},"category_info":"<a href=\"https:\/\/curva1.com.ar\/?cat=1\" rel=\"category\">Zonal Cuyano<\/a>","tag_info":"Zonal Cuyano","comment_count":"0","_links":{"self":[{"href":"https:\/\/curva1.com.ar\/index.php?rest_route=\/wp\/v2\/posts\/9075","targetHints":{"allow":["GET"]}}],"collection":[{"href":"https:\/\/curva1.com.ar\/index.php?rest_route=\/wp\/v2\/posts"}],"about":[{"href":"https:\/\/curva1.com.ar\/index.php?rest_route=\/wp\/v2\/types\/post"}],"author":[{"embeddable":true,"href":"https:\/\/curva1.com.ar\/index.php?rest_route=\/wp\/v2\/users\/1"}],"replies":[{"embeddable":true,"href":"https:\/\/curva1.com.ar\/index.php?rest_route=%2Fwp%2Fv2%2Fcomments&post=9075"}],"version-history":[{"count":3,"href":"https:\/\/curva1.com.ar\/index.php?rest_route=\/wp\/v2\/posts\/9075\/revisions"}],"predecessor-version":[{"id":9079,"href":"https:\/\/curva1.com.ar\/index.php?rest_route=\/wp\/v2\/posts\/9075\/revisions\/9079"}],"wp:featuredmedia":[{"embeddable":true,"href":"https:\/\/curva1.com.ar\/index.php?rest_route=\/wp\/v2\/media\/9076"}],"wp:attachment":[{"href":"https:\/\/curva1.com.ar\/index.php?rest_route=%2Fwp%2Fv2%2Fmedia&parent=9075"}],"wp:term":[{"taxonomy":"category","embeddable":true,"href":"https:\/\/curva1.com.ar\/index.php?rest_route=%2Fwp%2Fv2%2Fcategories&post=9075"},{"taxonomy":"post_tag","embeddable":true,"href":"https:\/\/curva1.com.ar\/index.php?rest_route=%2Fwp%2Fv2%2Ftags&post=9075"}],"curies":[{"name":"wp","href":"https:\/\/api.w.org\/{rel}","templated":true}]}}