{"id":9103,"date":"2013-09-25T14:53:56","date_gmt":"2013-09-25T17:53:56","guid":{"rendered":"http:\/\/www.curva1.com.ar\/?p=9103"},"modified":"2013-09-25T14:53:56","modified_gmt":"2013-09-25T17:53:56","slug":"la-familia-persia-saldra-a-las-pistas-del-zonal-con-su-tres-pilotos","status":"publish","type":"post","link":"https:\/\/curva1.com.ar\/?p=9103","title":{"rendered":"La familia Persia saldr\u00e1 a las pistas del zonal con su tres pilotos"},"content":{"rendered":"<p><img loading=\"lazy\" decoding=\"async\" class=\"aligncenter size-full wp-image-9104\" alt=\"390191_377128522371493_1530389660_n\" src=\"http:\/\/www.curva1.com.ar\/wp-content\/uploads\/2013\/09\/390191_377128522371493_1530389660_n.jpg\" width=\"500\" height=\"282\" srcset=\"https:\/\/curva1.com.ar\/wp-content\/uploads\/2013\/09\/390191_377128522371493_1530389660_n.jpg 500w, https:\/\/curva1.com.ar\/wp-content\/uploads\/2013\/09\/390191_377128522371493_1530389660_n-300x169.jpg 300w\" sizes=\"auto, (max-width: 500px) 100vw, 500px\" \/><\/p>\n<p>Fernando Persia confirm\u00f3 en la ma\u00f1ana de hoy que todos los pilotos de la familia estar\u00e1n corriendo la 6\u00ba fecha del Zonal Cuyano, este fin de semana en San Mart\u00edn.<\/p>\n<p>Pap\u00e1 Fernando ir\u00e1 a la Clase 1 <strong>&#8220;estuvimos repasando el Fiat 600 y solucionando el tema de la directa, que fue lo que nos dej\u00f3 a pie en la vuelta previa de la carrera pasada&#8221;.<\/strong><\/p>\n<p>En la Clase 2 estar\u00e1n Ariel, que viene corriendo durante todo el a\u00f1o, y ahora se incorpora Fabrizio, luego de su paso por el Top Race J\u00fanior. <strong>&#8220;El Golcito de Fabri lo est\u00e1bamos por vender, pero no se concret\u00f3 todav\u00eda. Lo reacondicionamos y va a la fecha del Pena&#8221;<\/strong> coment\u00f3 Persia.<\/p>\n","protected":false},"excerpt":{"rendered":"<p>Fernando Persia confirm\u00f3 en la ma\u00f1ana de hoy que todos los pilotos de la familia<\/p>\n","protected":false},"author":1,"featured_media":9104,"comment_status":"open","ping_status":"closed","sticky":false,"template":"","format":"standard","meta":{"footnotes":""},"categories":[1],"tags":[],"class_list":["post-9103","post","type-post","status-publish","format-standard","has-post-thumbnail","hentry","category-zonal-cuyano"],"featured_image_urls":{"full":["https:\/\/curva1.com.ar\/wp-content\/uploads\/2013\/09\/390191_377128522371493_1530389660_n.jpg",500,282,false],"thumbnail":["https:\/\/curva1.com.ar\/wp-content\/uploads\/2013\/09\/390191_377128522371493_1530389660_n-300x169.jpg",300,169,true],"medium":["https:\/\/curva1.com.ar\/wp-content\/uploads\/2013\/09\/390191_377128522371493_1530389660_n.jpg",500,282,false],"medium_large":["https:\/\/curva1.com.ar\/wp-content\/uploads\/2013\/09\/390191_377128522371493_1530389660_n.jpg",500,282,false],"large":["https:\/\/curva1.com.ar\/wp-content\/uploads\/2013\/09\/390191_377128522371493_1530389660_n.jpg",500,282,false],"1536x1536":["https:\/\/curva1.com.ar\/wp-content\/uploads\/2013\/09\/390191_377128522371493_1530389660_n.jpg",500,282,false],"2048x2048":["https:\/\/curva1.com.ar\/wp-content\/uploads\/2013\/09\/390191_377128522371493_1530389660_n.jpg",500,282,false],"chromenews-featured":["https:\/\/curva1.com.ar\/wp-content\/uploads\/2013\/09\/390191_377128522371493_1530389660_n.jpg",500,282,false],"chromenews-large":["https:\/\/curva1.com.ar\/wp-content\/uploads\/2013\/09\/390191_377128522371493_1530389660_n.jpg",500,282,false],"chromenews-medium":["https:\/\/curva1.com.ar\/wp-content\/uploads\/2013\/09\/390191_377128522371493_1530389660_n.jpg",500,282,false]},"author_info":{"display_name":"Jos\u00e9 Bravo","author_link":"https:\/\/curva1.com.ar\/?author=1"},"category_info":"<a href=\"https:\/\/curva1.com.ar\/?cat=1\" rel=\"category\">Zonal Cuyano<\/a>","tag_info":"Zonal Cuyano","comment_count":"0","_links":{"self":[{"href":"https:\/\/curva1.com.ar\/index.php?rest_route=\/wp\/v2\/posts\/9103","targetHints":{"allow":["GET"]}}],"collection":[{"href":"https:\/\/curva1.com.ar\/index.php?rest_route=\/wp\/v2\/posts"}],"about":[{"href":"https:\/\/curva1.com.ar\/index.php?rest_route=\/wp\/v2\/types\/post"}],"author":[{"embeddable":true,"href":"https:\/\/curva1.com.ar\/index.php?rest_route=\/wp\/v2\/users\/1"}],"replies":[{"embeddable":true,"href":"https:\/\/curva1.com.ar\/index.php?rest_route=%2Fwp%2Fv2%2Fcomments&post=9103"}],"version-history":[{"count":1,"href":"https:\/\/curva1.com.ar\/index.php?rest_route=\/wp\/v2\/posts\/9103\/revisions"}],"predecessor-version":[{"id":9105,"href":"https:\/\/curva1.com.ar\/index.php?rest_route=\/wp\/v2\/posts\/9103\/revisions\/9105"}],"wp:featuredmedia":[{"embeddable":true,"href":"https:\/\/curva1.com.ar\/index.php?rest_route=\/wp\/v2\/media\/9104"}],"wp:attachment":[{"href":"https:\/\/curva1.com.ar\/index.php?rest_route=%2Fwp%2Fv2%2Fmedia&parent=9103"}],"wp:term":[{"taxonomy":"category","embeddable":true,"href":"https:\/\/curva1.com.ar\/index.php?rest_route=%2Fwp%2Fv2%2Fcategories&post=9103"},{"taxonomy":"post_tag","embeddable":true,"href":"https:\/\/curva1.com.ar\/index.php?rest_route=%2Fwp%2Fv2%2Ftags&post=9103"}],"curies":[{"name":"wp","href":"https:\/\/api.w.org\/{rel}","templated":true}]}}