{"id":9132,"date":"2013-09-26T08:33:21","date_gmt":"2013-09-26T11:33:21","guid":{"rendered":"http:\/\/www.curva1.com.ar\/?p=9132"},"modified":"2013-09-26T08:33:21","modified_gmt":"2013-09-26T11:33:21","slug":"silvio-imberti-fue-suspendido-para-correr-hasta-el-31-de-diciembre","status":"publish","type":"post","link":"https:\/\/curva1.com.ar\/?p=9132","title":{"rendered":"Silvio Imberti fue suspendido para correr hasta el 31 de diciembre"},"content":{"rendered":"<p><img loading=\"lazy\" decoding=\"async\" class=\"aligncenter size-full wp-image-9133\" alt=\"IMG_6156\" src=\"http:\/\/www.curva1.com.ar\/wp-content\/uploads\/2013\/09\/IMG_6156.jpg\" width=\"500\" height=\"281\" srcset=\"https:\/\/curva1.com.ar\/wp-content\/uploads\/2013\/09\/IMG_6156.jpg 500w, https:\/\/curva1.com.ar\/wp-content\/uploads\/2013\/09\/IMG_6156-300x169.jpg 300w\" sizes=\"auto, (max-width: 500px) 100vw, 500px\" \/><\/p>\n<p>Luego de la \u00faltima carrera de Tradicionales que se llev\u00f3 a cabo en Jun\u00edn, la \u00fanica novedad post carrera es la siguiente:<\/p>\n<blockquote><p><span style=\"color: #ff0000;\">Auto 21 Imberti Silvio &#8211; Excluido por reingreso peligroso a pista y circulaci\u00f3n en contramano en calle de boxes, no acato bandera negra <\/span><\/p>\n<p><span style=\"color: #ff0000;\">Auto 21 Imberti Silvio &#8211; Se suspendio su licencia deportiva hasta el 31\/12\/2013<\/span><\/p><\/blockquote>\n","protected":false},"excerpt":{"rendered":"<p>Luego de la \u00faltima carrera de Tradicionales que se llev\u00f3 a cabo en Jun\u00edn, la<\/p>\n","protected":false},"author":1,"featured_media":9133,"comment_status":"open","ping_status":"closed","sticky":false,"template":"","format":"standard","meta":{"footnotes":""},"categories":[3],"tags":[],"class_list":["post-9132","post","type-post","status-publish","format-standard","has-post-thumbnail","hentry","category-tradicionales"],"featured_image_urls":{"full":["https:\/\/curva1.com.ar\/wp-content\/uploads\/2013\/09\/IMG_6156.jpg",500,281,false],"thumbnail":["https:\/\/curva1.com.ar\/wp-content\/uploads\/2013\/09\/IMG_6156-300x169.jpg",300,169,true],"medium":["https:\/\/curva1.com.ar\/wp-content\/uploads\/2013\/09\/IMG_6156.jpg",500,281,false],"medium_large":["https:\/\/curva1.com.ar\/wp-content\/uploads\/2013\/09\/IMG_6156.jpg",500,281,false],"large":["https:\/\/curva1.com.ar\/wp-content\/uploads\/2013\/09\/IMG_6156.jpg",500,281,false],"1536x1536":["https:\/\/curva1.com.ar\/wp-content\/uploads\/2013\/09\/IMG_6156.jpg",500,281,false],"2048x2048":["https:\/\/curva1.com.ar\/wp-content\/uploads\/2013\/09\/IMG_6156.jpg",500,281,false],"chromenews-featured":["https:\/\/curva1.com.ar\/wp-content\/uploads\/2013\/09\/IMG_6156.jpg",500,281,false],"chromenews-large":["https:\/\/curva1.com.ar\/wp-content\/uploads\/2013\/09\/IMG_6156.jpg",500,281,false],"chromenews-medium":["https:\/\/curva1.com.ar\/wp-content\/uploads\/2013\/09\/IMG_6156.jpg",500,281,false]},"author_info":{"display_name":"Jos\u00e9 Bravo","author_link":"https:\/\/curva1.com.ar\/?author=1"},"category_info":"<a href=\"https:\/\/curva1.com.ar\/?cat=3\" rel=\"category\">Tradicionales<\/a>","tag_info":"Tradicionales","comment_count":"0","_links":{"self":[{"href":"https:\/\/curva1.com.ar\/index.php?rest_route=\/wp\/v2\/posts\/9132","targetHints":{"allow":["GET"]}}],"collection":[{"href":"https:\/\/curva1.com.ar\/index.php?rest_route=\/wp\/v2\/posts"}],"about":[{"href":"https:\/\/curva1.com.ar\/index.php?rest_route=\/wp\/v2\/types\/post"}],"author":[{"embeddable":true,"href":"https:\/\/curva1.com.ar\/index.php?rest_route=\/wp\/v2\/users\/1"}],"replies":[{"embeddable":true,"href":"https:\/\/curva1.com.ar\/index.php?rest_route=%2Fwp%2Fv2%2Fcomments&post=9132"}],"version-history":[{"count":1,"href":"https:\/\/curva1.com.ar\/index.php?rest_route=\/wp\/v2\/posts\/9132\/revisions"}],"predecessor-version":[{"id":9134,"href":"https:\/\/curva1.com.ar\/index.php?rest_route=\/wp\/v2\/posts\/9132\/revisions\/9134"}],"wp:featuredmedia":[{"embeddable":true,"href":"https:\/\/curva1.com.ar\/index.php?rest_route=\/wp\/v2\/media\/9133"}],"wp:attachment":[{"href":"https:\/\/curva1.com.ar\/index.php?rest_route=%2Fwp%2Fv2%2Fmedia&parent=9132"}],"wp:term":[{"taxonomy":"category","embeddable":true,"href":"https:\/\/curva1.com.ar\/index.php?rest_route=%2Fwp%2Fv2%2Fcategories&post=9132"},{"taxonomy":"post_tag","embeddable":true,"href":"https:\/\/curva1.com.ar\/index.php?rest_route=%2Fwp%2Fv2%2Ftags&post=9132"}],"curies":[{"name":"wp","href":"https:\/\/api.w.org\/{rel}","templated":true}]}}