{"id":9136,"date":"2013-09-27T20:10:31","date_gmt":"2013-09-27T23:10:31","guid":{"rendered":"http:\/\/www.curva1.com.ar\/?p=9136"},"modified":"2013-09-27T20:19:26","modified_gmt":"2013-09-27T23:19:26","slug":"suspensiones-provisorias-y-efectivas-en-el-karting-cuyano","status":"publish","type":"post","link":"https:\/\/curva1.com.ar\/?p=9136","title":{"rendered":"Suspensiones provisorias y efectivas en el karting cuyano"},"content":{"rendered":"<figure id=\"attachment_9137\" aria-describedby=\"caption-attachment-9137\" style=\"width: 499px\" class=\"wp-caption aligncenter\"><img loading=\"lazy\" decoding=\"async\" class=\"size-full wp-image-9137\" alt=\"SENIOR PRO. El sanmartiniano Mart\u00edn Granjeto (77) y el santiague\u00f1o Franco Farina (puntero del campeonato) se perder\u00e1n la 7\u00ba fecha\" src=\"http:\/\/www.curva1.com.ar\/wp-content\/uploads\/2013\/09\/IMG_5378.jpg\" width=\"499\" height=\"281\" srcset=\"https:\/\/curva1.com.ar\/wp-content\/uploads\/2013\/09\/IMG_5378.jpg 600w, https:\/\/curva1.com.ar\/wp-content\/uploads\/2013\/09\/IMG_5378-300x169.jpg 300w, https:\/\/curva1.com.ar\/wp-content\/uploads\/2013\/09\/IMG_5378-598x337.jpg 598w\" sizes=\"auto, (max-width: 499px) 100vw, 499px\" \/><figcaption id=\"caption-attachment-9137\" class=\"wp-caption-text\"><span style=\"color: #ff0000;\">SENIOR PRO. El sanmartiniano Mart\u00edn Granjeto (77) y el santiague\u00f1o Franco Farina (puntero del campeonato) se perder\u00e1n la 7\u00ba fecha<\/span><\/figcaption><\/figure>\n<p>La Federaci\u00f3n Mendocina de Automvilismo Deportivo dio a conocer los resultados confirmados de la fecha doble en San Mart\u00edn, que dej\u00f3 varios sancionados con suspensiones efectivas, que no podr\u00edan competir en la pr\u00f3xima fecha del 13 de octubre.<\/p>\n<p><strong>PROMOCIONAL<\/strong><\/p>\n<p style=\"padding-left: 60px;\">Kart N\u00ba 2 Gabriel Moyano, Excluido por T\u00e9cnica por tener tubo de emulsor del carburador fuera de reglamento.-<\/p>\n<p style=\"padding-left: 60px;\">CONCURRENTE LUIS SANTERO, UNA FECHA DE SUSPENSION EN SUSPENSO.-<\/p>\n<p><strong>SENIOR PRO<\/strong><\/p>\n<p style=\"padding-left: 60px;\">Kart N\u00ba 77 Martin Grangeto, Excluido de la competencia, por incidentes ocasionado por sus allegados.-<\/p>\n<p style=\"padding-left: 60px;\">PILOTO MAXIMILIANO BRENOT, UNA FECHA DE SUSPENSION EN SUSPENSO.-<\/p>\n<p style=\"padding-left: 60px;\">PILOTO MAXIMILIANO PE\u00d1A, UNA FECHA DE SUSPENSION EN SUSPENSO.-<\/p>\n<p style=\"padding-left: 60px;\">PILOTO FRANCO FARINA, UNA FECHA DE SUSPENSION EFECTIVA, por desorden y falta de conducta de miembros de su equipo hacia miembros de Fe.M.A.D..-<\/p>\n<p style=\"padding-left: 60px;\">PILOTO MARTIN GRANGETO, UNA FECHA DE SUSPENSION EFECTIVA, por conducta antideportiva de allegados de su equipo.-<\/p>\n","protected":false},"excerpt":{"rendered":"<p>La Federaci\u00f3n Mendocina de Automvilismo Deportivo dio a conocer los resultados confirmados de la fecha<\/p>\n","protected":false},"author":1,"featured_media":9137,"comment_status":"open","ping_status":"closed","sticky":false,"template":"","format":"standard","meta":{"footnotes":""},"categories":[4],"tags":[],"class_list":["post-9136","post","type-post","status-publish","format-standard","has-post-thumbnail","hentry","category-karting"],"featured_image_urls":{"full":["https:\/\/curva1.com.ar\/wp-content\/uploads\/2013\/09\/IMG_5378.jpg",600,338,false],"thumbnail":["https:\/\/curva1.com.ar\/wp-content\/uploads\/2013\/09\/IMG_5378-300x169.jpg",300,169,true],"medium":["https:\/\/curva1.com.ar\/wp-content\/uploads\/2013\/09\/IMG_5378-598x337.jpg",598,337,true],"medium_large":["https:\/\/curva1.com.ar\/wp-content\/uploads\/2013\/09\/IMG_5378.jpg",600,338,false],"large":["https:\/\/curva1.com.ar\/wp-content\/uploads\/2013\/09\/IMG_5378.jpg",600,338,false],"1536x1536":["https:\/\/curva1.com.ar\/wp-content\/uploads\/2013\/09\/IMG_5378.jpg",600,338,false],"2048x2048":["https:\/\/curva1.com.ar\/wp-content\/uploads\/2013\/09\/IMG_5378.jpg",600,338,false],"chromenews-featured":["https:\/\/curva1.com.ar\/wp-content\/uploads\/2013\/09\/IMG_5378.jpg",600,338,false],"chromenews-large":["https:\/\/curva1.com.ar\/wp-content\/uploads\/2013\/09\/IMG_5378.jpg",600,338,false],"chromenews-medium":["https:\/\/curva1.com.ar\/wp-content\/uploads\/2013\/09\/IMG_5378.jpg",590,332,false]},"author_info":{"display_name":"Jos\u00e9 Bravo","author_link":"https:\/\/curva1.com.ar\/?author=1"},"category_info":"<a href=\"https:\/\/curva1.com.ar\/?cat=4\" rel=\"category\">Karting Asfalto<\/a>","tag_info":"Karting Asfalto","comment_count":"0","_links":{"self":[{"href":"https:\/\/curva1.com.ar\/index.php?rest_route=\/wp\/v2\/posts\/9136","targetHints":{"allow":["GET"]}}],"collection":[{"href":"https:\/\/curva1.com.ar\/index.php?rest_route=\/wp\/v2\/posts"}],"about":[{"href":"https:\/\/curva1.com.ar\/index.php?rest_route=\/wp\/v2\/types\/post"}],"author":[{"embeddable":true,"href":"https:\/\/curva1.com.ar\/index.php?rest_route=\/wp\/v2\/users\/1"}],"replies":[{"embeddable":true,"href":"https:\/\/curva1.com.ar\/index.php?rest_route=%2Fwp%2Fv2%2Fcomments&post=9136"}],"version-history":[{"count":1,"href":"https:\/\/curva1.com.ar\/index.php?rest_route=\/wp\/v2\/posts\/9136\/revisions"}],"predecessor-version":[{"id":9138,"href":"https:\/\/curva1.com.ar\/index.php?rest_route=\/wp\/v2\/posts\/9136\/revisions\/9138"}],"wp:featuredmedia":[{"embeddable":true,"href":"https:\/\/curva1.com.ar\/index.php?rest_route=\/wp\/v2\/media\/9137"}],"wp:attachment":[{"href":"https:\/\/curva1.com.ar\/index.php?rest_route=%2Fwp%2Fv2%2Fmedia&parent=9136"}],"wp:term":[{"taxonomy":"category","embeddable":true,"href":"https:\/\/curva1.com.ar\/index.php?rest_route=%2Fwp%2Fv2%2Fcategories&post=9136"},{"taxonomy":"post_tag","embeddable":true,"href":"https:\/\/curva1.com.ar\/index.php?rest_route=%2Fwp%2Fv2%2Ftags&post=9136"}],"curies":[{"name":"wp","href":"https:\/\/api.w.org\/{rel}","templated":true}]}}