{"id":9246,"date":"2013-10-02T18:37:31","date_gmt":"2013-10-02T21:37:31","guid":{"rendered":"http:\/\/www.curva1.com.ar\/?p=9246"},"modified":"2013-10-02T18:37:31","modified_gmt":"2013-10-02T21:37:31","slug":"se-viene-una-nueva-fecha-del-pista-san-luis-en-el-rosendo","status":"publish","type":"post","link":"https:\/\/curva1.com.ar\/?p=9246","title":{"rendered":"Se viene una nueva fecha del Pista San Lu\u00eds en el Rosendo"},"content":{"rendered":"<p><img loading=\"lazy\" decoding=\"async\" class=\"aligncenter size-full wp-image-9247\" alt=\"6\u00ba fecha\" src=\"http:\/\/www.curva1.com.ar\/wp-content\/uploads\/2013\/10\/6\u00ba-fecha.jpg\" width=\"500\" height=\"281\" srcset=\"https:\/\/curva1.com.ar\/wp-content\/uploads\/2013\/10\/6\u00ba-fecha.jpg 500w, https:\/\/curva1.com.ar\/wp-content\/uploads\/2013\/10\/6\u00ba-fecha-300x169.jpg 300w\" sizes=\"auto, (max-width: 500px) 100vw, 500px\" \/><\/p>\n<div>El pr\u00f3ximo viernes 4 de Octubre en la ciudad de Villa Mercedes, en la Plaza de la Salud ubicada en Avenida Aviador Origone y Pedernera, a las 19.30 hs. el Pista San Luis har\u00e1 su presentaci\u00f3n oficial y en donde se empezar\u00e1 a palpitar el sexto capitulo del a\u00f1o.<\/div>\n<div><\/div>\n<div>En dicha presentaci\u00f3n se brindar\u00e1 folleter\u00eda con la informaci\u00f3n correspondiente a la actividad en pista estar\u00e1n presentes pilotos, y sus respectivas unidades tanto de la Clase 2 &#8211; Clase 3 &#8211; TC4000 &#8211; Supercar Cuyano Clase A.<\/div>\n<div><\/div>\n<div>\n<div>La cita n\u00famero 6 del Pista San Luis ya tiene los horarios definidos los cuales en esta oportunidad la actividad oficial estar\u00e1 centrada en el d\u00eda domingo 6 de Octubre del corriente. A continuaci\u00f3n informamos los horarios detallados de la competencia.<\/div>\n<div><\/div>\n<div>SABADO 5 DE OCTUBRE DE 2013<\/div>\n<div><\/div>\n<div>18,00 hrs. APERTURA DEL AUTODROMO PROVINCIAL \u201cROSENDO HERN\u00c1NDEZ\u201d<\/div>\n<div><\/div>\n<div>Ingreso y ubicaci\u00f3n de equipos, motorhome en dichas instalaciones.<\/div>\n<div>&#8212;&#8212;&#8212;&#8212;&#8212;&#8212;&#8212;&#8212;&#8212;&#8212;<wbr \/>&#8212;&#8212;&#8212;&#8212;&#8212;&#8212;&#8212;&#8212;&#8212;&#8212;<wbr \/>&#8212;&#8212;&#8212;&#8212;&#8212;&#8212;&#8212;&#8212;&#8211;<\/div>\n<div>DOMINGO 6 DE OCTUBRE DE 2013<\/div>\n<div><\/div>\n<div>HORARIOS DE CARRERA<\/div>\n<div><\/div>\n<div>PRUEBAS LIBRES<\/div>\n<div><\/div>\n<div>09:30 a 09:45 \u00a0 \u00a0 \u00a0 \u00a0 \u00a0 \u00a0TC 4000 y Supercar Cuyano \u00a0 A.R.P.A.D.P.<\/div>\n<div>09:50 a1 0:05 \u00a0 \u00a0 \u00a0 \u00a0 \u00a0 \u00a0Clase 2 \u00a0 \u00a0 \u00a0 \u00a0 \u00a0 \u00a0 \u00a0 \u00a0 \u00a0 \u00a0 \u00a0 \u00a0 \u00a0 \u00a0 \u00a0 \u00a0 \u00a0 \u00a0 A.R.P.A.D.P.<\/div>\n<div>10:10 a 10:25 \u00a0 \u00a0 \u00a0 \u00a0 \u00a0 \u00a0Clase 3 \u00a0 \u00a0 \u00a0 \u00a0 \u00a0 \u00a0 \u00a0 \u00a0 \u00a0 \u00a0 \u00a0 \u00a0 \u00a0 \u00a0 \u00a0 \u00a0 \u00a0 \u00a0 A.R.P.A.D.P.<\/div>\n<div><\/div>\n<div>PRUEBAS LIBRES<\/div>\n<div><\/div>\n<div>10:30 a 10:45 \u00a0 \u00a0 \u00a0 \u00a0 \u00a0 \u00a0TC 4000 y Supercar Cuyano \u00a0 \u00a0A.R.P.A.D.P.<\/div>\n<div>10:50 a 11:05 \u00a0 \u00a0 \u00a0 \u00a0 \u00a0 \u00a0Clase 2 \u00a0 \u00a0 \u00a0 \u00a0 \u00a0 \u00a0 \u00a0 \u00a0 \u00a0 \u00a0 \u00a0 \u00a0 \u00a0 \u00a0 \u00a0 \u00a0 \u00a0 \u00a0 \u00a0A.R.P.A.D.P.<\/div>\n<div>11:10 a 11:25 \u00a0 \u00a0 \u00a0 \u00a0 \u00a0 \u00a0Clase 3 \u00a0 \u00a0 \u00a0 \u00a0 \u00a0 \u00a0 \u00a0 \u00a0 \u00a0 \u00a0 \u00a0 \u00a0 \u00a0 \u00a0 \u00a0 \u00a0 \u00a0 \u00a0 \u00a0A.R.P.A.D.P.<\/div>\n<div><\/div>\n<div>&#8212;&#8212;&#8212;&#8212;&#8212;&#8212;&#8212;&#8212;&#8212;&#8212;<wbr \/>&#8212;&#8212;&#8212;&#8212;&#8212;&#8212;&#8212;&#8212;&#8212;&#8212;<wbr \/>&#8212;&#8212;&#8212;&#8212;&#8212;&#8212;&#8212;&#8212;-<\/div>\n<div><\/div>\n<div>11:40hs \u00a0 \u00a0 \u00a0 REUNI\u00d3N DE PILOTOS OBLIGATORIA A.R.P.A.D.P.<\/div>\n<div>Se realizar\u00e1 en la zona de la \u00a0revisi\u00f3n t\u00e9cnica, la misma se llevara a cabo al finalizar las pruebas libres, los pilotos deber\u00e1n presenciar la misma, el piloto que no asista ser\u00e1 sancionado con una multa de $ 100.00, dicha sanci\u00f3n ser\u00e1 decidida por el Director de la prueba. Se tomar\u00e1 asistencia<\/div>\n<div><\/div>\n<div>CLASIFICACION (r\u00e9gimen de parque cerrado)<\/div>\n<div><\/div>\n<div>12:20 a 12.30 \u00a0 \u00a0 \u00a0 \u00a0 \u00a0 TC4000 \u00a0y Supercar Cuyano \u00a0 A.R.P.A.D.P.<\/div>\n<div>12:40 a 12:50 \u00a0 \u00a0 \u00a0 \u00a0 \u00a0 Clase 2 \u00a0 \u00a0 \u00a0 \u00a0 \u00a0 \u00a0 \u00a0 \u00a0 \u00a0 \u00a0 \u00a0 \u00a0 \u00a0 \u00a0 \u00a0 \u00a0 \u00a0 \u00a0 A.R.P.A.D.P.<\/div>\n<div>13:00 a 13:10 \u00a0 \u00a0 \u00a0 \u00a0 \u00a0 \u00a0 Clase 3 \u00a0 \u00a0 \u00a0 \u00a0 \u00a0 \u00a0 \u00a0 \u00a0 \u00a0 \u00a0 \u00a0 \u00a0 \u00a0 \u00a0 \u00a0 \u00a0 \u00a0 \u00a0 A.R.P.A.D.P.<\/div>\n<div><\/div>\n<div>&#8212;SERIES CLASIFICATORIAS&#8212;<\/div>\n<div><\/div>\n<div>13:45 hs. \u00a0 \u00a0 \u00a0 \u00a0 \u00a0 \u00a0 \u00a0 \u00a0 \u00a0 TC 4000 y Supercar Cuyano \u00a0 A.R.P.A.D.P. \u00a0 \u00a0 6 vtas o 15 Minutos<\/div>\n<div>14:15 hs \u00a0 \u00a0 \u00a0 \u00a0 \u00a0 \u00a0 \u00a0 \u00a0 \u00a0 \u00a0Clase 2 \u00a0 \u00a0 \u00a0 \u00a0 \u00a0 \u00a0 \u00a0 \u00a0 \u00a0 \u00a0 \u00a0 \u00a0 \u00a0 \u00a0 \u00a0 A.R.P.A.D.P. \u00a0 \u00a0 6 vtas o 15 minutos<\/div>\n<div>14:45 hs. \u00a0 \u00a0 \u00a0 \u00a0 \u00a0 \u00a0 \u00a0 \u00a0 Clase 3 \u00a0 \u00a0 \u00a0 \u00a0 \u00a0 \u00a0 \u00a0 \u00a0 \u00a0 \u00a0 \u00a0 \u00a0 \u00a0 \u00a0 \u00a0 \u00a0 \u00a0A.R.P.A.D.P. \u00a0 \u00a0 6 vtas o 15 minutos<\/div>\n<div><\/div>\n<div>&#8212;FINALES&#8212;<\/div>\n<div><\/div>\n<div>15:30 hs. \u00a0 \u00a0 \u00a0 \u00a0 \u00a0 \u00a0 \u00a0 \u00a0 TC 4000 \u00a0y Supercar Cuyano \u00a0 A.R.P.A.D.P. \u00a0 \u00a0 \u00a012 vueltas o 25 minutos<\/div>\n<div>16:10 hs. \u00a0 \u00a0 \u00a0 \u00a0 \u00a0 \u00a0 \u00a0 \u00a0 Clase 2 \u00a0 \u00a0 \u00a0 \u00a0 \u00a0 \u00a0 \u00a0 \u00a0 \u00a0 \u00a0 \u00a0 \u00a0 \u00a0 \u00a0 \u00a0 \u00a0 \u00a0 \u00a0 \u00a0A.R.P.A.D.P. \u00a0 \u00a0 \u00a012 vueltas o 25 minutos<\/div>\n<div>16:50 hs. \u00a0 \u00a0 \u00a0 \u00a0 \u00a0 \u00a0 \u00a0 \u00a0 Clase 3 \u00a0 \u00a0 \u00a0 \u00a0 \u00a0 \u00a0 \u00a0 \u00a0 \u00a0 \u00a0 \u00a0 \u00a0 \u00a0 \u00a0 \u00a0 \u00a0 \u00a0 \u00a0 \u00a0A.R.P.A.D.P. \u00a0 \u00a0 \u00a014 vueltas o 30 minutos<\/div>\n<div><\/div>\n<div>\/\/\/\/PODIO DE GANADORES 17:50HS\\\\\\\\<\/div>\n<\/div>\n","protected":false},"excerpt":{"rendered":"<p>El pr\u00f3ximo viernes 4 de Octubre en la ciudad de Villa Mercedes, en la Plaza<\/p>\n","protected":false},"author":1,"featured_media":9247,"comment_status":"open","ping_status":"closed","sticky":false,"template":"","format":"standard","meta":{"footnotes":""},"categories":[6],"tags":[],"class_list":["post-9246","post","type-post","status-publish","format-standard","has-post-thumbnail","hentry","category-nacionales"],"featured_image_urls":{"full":["https:\/\/curva1.com.ar\/wp-content\/uploads\/2013\/10\/6\u00ba-fecha.jpg",500,281,false],"thumbnail":["https:\/\/curva1.com.ar\/wp-content\/uploads\/2013\/10\/6\u00ba-fecha-300x169.jpg",300,169,true],"medium":["https:\/\/curva1.com.ar\/wp-content\/uploads\/2013\/10\/6\u00ba-fecha.jpg",500,281,false],"medium_large":["https:\/\/curva1.com.ar\/wp-content\/uploads\/2013\/10\/6\u00ba-fecha.jpg",500,281,false],"large":["https:\/\/curva1.com.ar\/wp-content\/uploads\/2013\/10\/6\u00ba-fecha.jpg",500,281,false],"1536x1536":["https:\/\/curva1.com.ar\/wp-content\/uploads\/2013\/10\/6\u00ba-fecha.jpg",500,281,false],"2048x2048":["https:\/\/curva1.com.ar\/wp-content\/uploads\/2013\/10\/6\u00ba-fecha.jpg",500,281,false],"chromenews-featured":["https:\/\/curva1.com.ar\/wp-content\/uploads\/2013\/10\/6\u00ba-fecha.jpg",500,281,false],"chromenews-large":["https:\/\/curva1.com.ar\/wp-content\/uploads\/2013\/10\/6\u00ba-fecha.jpg",500,281,false],"chromenews-medium":["https:\/\/curva1.com.ar\/wp-content\/uploads\/2013\/10\/6\u00ba-fecha.jpg",500,281,false]},"author_info":{"display_name":"Jos\u00e9 Bravo","author_link":"https:\/\/curva1.com.ar\/?author=1"},"category_info":"<a href=\"https:\/\/curva1.com.ar\/?cat=6\" rel=\"category\">Nacionales<\/a>","tag_info":"Nacionales","comment_count":"0","_links":{"self":[{"href":"https:\/\/curva1.com.ar\/index.php?rest_route=\/wp\/v2\/posts\/9246","targetHints":{"allow":["GET"]}}],"collection":[{"href":"https:\/\/curva1.com.ar\/index.php?rest_route=\/wp\/v2\/posts"}],"about":[{"href":"https:\/\/curva1.com.ar\/index.php?rest_route=\/wp\/v2\/types\/post"}],"author":[{"embeddable":true,"href":"https:\/\/curva1.com.ar\/index.php?rest_route=\/wp\/v2\/users\/1"}],"replies":[{"embeddable":true,"href":"https:\/\/curva1.com.ar\/index.php?rest_route=%2Fwp%2Fv2%2Fcomments&post=9246"}],"version-history":[{"count":2,"href":"https:\/\/curva1.com.ar\/index.php?rest_route=\/wp\/v2\/posts\/9246\/revisions"}],"predecessor-version":[{"id":9249,"href":"https:\/\/curva1.com.ar\/index.php?rest_route=\/wp\/v2\/posts\/9246\/revisions\/9249"}],"wp:featuredmedia":[{"embeddable":true,"href":"https:\/\/curva1.com.ar\/index.php?rest_route=\/wp\/v2\/media\/9247"}],"wp:attachment":[{"href":"https:\/\/curva1.com.ar\/index.php?rest_route=%2Fwp%2Fv2%2Fmedia&parent=9246"}],"wp:term":[{"taxonomy":"category","embeddable":true,"href":"https:\/\/curva1.com.ar\/index.php?rest_route=%2Fwp%2Fv2%2Fcategories&post=9246"},{"taxonomy":"post_tag","embeddable":true,"href":"https:\/\/curva1.com.ar\/index.php?rest_route=%2Fwp%2Fv2%2Ftags&post=9246"}],"curies":[{"name":"wp","href":"https:\/\/api.w.org\/{rel}","templated":true}]}}