{"id":9250,"date":"2013-10-02T18:49:02","date_gmt":"2013-10-02T21:49:02","guid":{"rendered":"http:\/\/www.curva1.com.ar\/?p=9250"},"modified":"2013-10-02T18:51:21","modified_gmt":"2013-10-02T21:51:21","slug":"levanta-rossi-o-lo-toca-ortelli-camara-a-bordo-de-guillermo-ortelli","status":"publish","type":"post","link":"https:\/\/curva1.com.ar\/?p=9250","title":{"rendered":"Levanta Rossi o lo toca Ortelli? C\u00e1mara a bordo del &#8220;Guille&#8221;"},"content":{"rendered":"<p><b>Mir\u00e1 desde adentro del Chevrolet parte de la final del \u00faltimo fin de semana y el detalle de la maniobra que termin\u00f3 en el toque con Mat\u00edas Rossi.<\/b><\/p>\n<p>La final del TC en San Luis termin\u00f3 con pol\u00e9mica por el toque entre Guillermo Ortell y Mat\u00edas Rossi. Hoy se pudo observar la c\u00e1mara a bordo del piloto de Salto donde se aprecia parte de la final y el incidente entre los dos representantes de Chevrolet.<\/p>\n<p><iframe loading=\"lazy\" src=\"\/\/www.youtube.com\/embed\/3V_cwUiqmw0?rel=0\" height=\"281\" width=\"500\" allowfullscreen=\"\" frameborder=\"0\"><\/iframe><\/p>\n","protected":false},"excerpt":{"rendered":"<p>Mir\u00e1 desde adentro del Chevrolet parte de la final del \u00faltimo fin de semana y<\/p>\n","protected":false},"author":1,"featured_media":9251,"comment_status":"open","ping_status":"closed","sticky":false,"template":"","format":"standard","meta":{"footnotes":""},"categories":[6],"tags":[],"class_list":["post-9250","post","type-post","status-publish","format-standard","has-post-thumbnail","hentry","category-nacionales"],"featured_image_urls":{"full":["https:\/\/curva1.com.ar\/wp-content\/uploads\/2013\/10\/ca58ag196ts.jpg",500,282,false],"thumbnail":["https:\/\/curva1.com.ar\/wp-content\/uploads\/2013\/10\/ca58ag196ts-300x169.jpg",300,169,true],"medium":["https:\/\/curva1.com.ar\/wp-content\/uploads\/2013\/10\/ca58ag196ts.jpg",500,282,false],"medium_large":["https:\/\/curva1.com.ar\/wp-content\/uploads\/2013\/10\/ca58ag196ts.jpg",500,282,false],"large":["https:\/\/curva1.com.ar\/wp-content\/uploads\/2013\/10\/ca58ag196ts.jpg",500,282,false],"1536x1536":["https:\/\/curva1.com.ar\/wp-content\/uploads\/2013\/10\/ca58ag196ts.jpg",500,282,false],"2048x2048":["https:\/\/curva1.com.ar\/wp-content\/uploads\/2013\/10\/ca58ag196ts.jpg",500,282,false],"chromenews-featured":["https:\/\/curva1.com.ar\/wp-content\/uploads\/2013\/10\/ca58ag196ts.jpg",500,282,false],"chromenews-large":["https:\/\/curva1.com.ar\/wp-content\/uploads\/2013\/10\/ca58ag196ts.jpg",500,282,false],"chromenews-medium":["https:\/\/curva1.com.ar\/wp-content\/uploads\/2013\/10\/ca58ag196ts.jpg",500,282,false]},"author_info":{"display_name":"Jos\u00e9 Bravo","author_link":"https:\/\/curva1.com.ar\/?author=1"},"category_info":"<a href=\"https:\/\/curva1.com.ar\/?cat=6\" rel=\"category\">Nacionales<\/a>","tag_info":"Nacionales","comment_count":"0","_links":{"self":[{"href":"https:\/\/curva1.com.ar\/index.php?rest_route=\/wp\/v2\/posts\/9250","targetHints":{"allow":["GET"]}}],"collection":[{"href":"https:\/\/curva1.com.ar\/index.php?rest_route=\/wp\/v2\/posts"}],"about":[{"href":"https:\/\/curva1.com.ar\/index.php?rest_route=\/wp\/v2\/types\/post"}],"author":[{"embeddable":true,"href":"https:\/\/curva1.com.ar\/index.php?rest_route=\/wp\/v2\/users\/1"}],"replies":[{"embeddable":true,"href":"https:\/\/curva1.com.ar\/index.php?rest_route=%2Fwp%2Fv2%2Fcomments&post=9250"}],"version-history":[{"count":2,"href":"https:\/\/curva1.com.ar\/index.php?rest_route=\/wp\/v2\/posts\/9250\/revisions"}],"predecessor-version":[{"id":9253,"href":"https:\/\/curva1.com.ar\/index.php?rest_route=\/wp\/v2\/posts\/9250\/revisions\/9253"}],"wp:featuredmedia":[{"embeddable":true,"href":"https:\/\/curva1.com.ar\/index.php?rest_route=\/wp\/v2\/media\/9251"}],"wp:attachment":[{"href":"https:\/\/curva1.com.ar\/index.php?rest_route=%2Fwp%2Fv2%2Fmedia&parent=9250"}],"wp:term":[{"taxonomy":"category","embeddable":true,"href":"https:\/\/curva1.com.ar\/index.php?rest_route=%2Fwp%2Fv2%2Fcategories&post=9250"},{"taxonomy":"post_tag","embeddable":true,"href":"https:\/\/curva1.com.ar\/index.php?rest_route=%2Fwp%2Fv2%2Ftags&post=9250"}],"curies":[{"name":"wp","href":"https:\/\/api.w.org\/{rel}","templated":true}]}}