{"id":9284,"date":"2013-10-03T11:46:17","date_gmt":"2013-10-03T14:46:17","guid":{"rendered":"http:\/\/www.curva1.com.ar\/?p=9284"},"modified":"2013-10-03T13:52:32","modified_gmt":"2013-10-03T16:52:32","slug":"raul-imberti","status":"publish","type":"post","link":"https:\/\/curva1.com.ar\/?p=9284","title":{"rendered":"Ra\u00fal Imberti &#8220;No es mi intenci\u00f3n cerrar el aut\u00f3dromo, pero quiero que todos colaboren&#8221;"},"content":{"rendered":"<p><img loading=\"lazy\" decoding=\"async\" class=\"aligncenter size-full wp-image-9285\" alt=\"caaaats\" src=\"http:\/\/www.curva1.com.ar\/wp-content\/uploads\/2013\/10\/caaaats.jpg\" width=\"500\" height=\"281\" srcset=\"https:\/\/curva1.com.ar\/wp-content\/uploads\/2013\/10\/caaaats.jpg 500w, https:\/\/curva1.com.ar\/wp-content\/uploads\/2013\/10\/caaaats-300x169.jpg 300w\" sizes=\"auto, (max-width: 500px) 100vw, 500px\" \/><\/p>\n<p>Curva 1 RADIO tuvo al aire al propietario del aut\u00f3dromo Guido Maineri de Jun\u00edn, que expres\u00f3 sus sensaciones sobre la actualidad de Tradicionales y lo que resta del calendario.<\/p>\n<p style=\"padding-left: 60px;\"><em> &#8220;He estado hablando con Eduardo Moyano y expresando que no estoy de acuerdo que Tradicionales con la programaci\u00f3n de Hugo Mari corra una fecha en asfalto con el zonal<\/em><\/p>\n<p style=\"padding-left: 60px;\"><em>Todos los a\u00f1os hago 5 fecha y este a\u00f1o solo llevo hechas 3<\/em><\/p>\n<p style=\"padding-left: 60px;\"><em>Correr en asfalto favorece al que tiene dinero para hacer los cambios y lo perjudica al que estuvo toda la temporada y al final le cambian el escenario<\/em><\/p>\n<p style=\"padding-left: 60px;\"><em>Hasta el momento a Gral Alverar no piensan ir, pero el intendente de all\u00e1 ha pedido una fecha<\/em><\/p>\n<p style=\"padding-left: 60px;\"><em>No es mi intenci\u00f3n cerrar el aut\u00f3dromo, pero quiero que todos colaboren para que esto se solucione<\/em><\/p>\n<p style=\"padding-left: 60px;\"><em>Nosotros somos los de abajo. Cada vez que viene una categor\u00eda nacional nos cambian el calendario<\/em><\/p>\n<p style=\"padding-left: 60px;\"><em>Creo que cada categor\u00eda tiene su p\u00fablico<\/em><\/p>\n<p style=\"padding-left: 60px;\"><em>El se\u00f1or Hugo Mari es presidente de un club no de las Tradicionales, por lo tanto no puede hacer y manda lo que quiera&#8221;<\/em><\/p>\n<p><strong>JUEVES 17 H<\/strong><strong>S<\/strong> &#8211; Publicaremos una nota y audio con Hugo Mar\u00ed, presidente de ACT<\/p>\n<p><span style=\"color: #ff6600;\"><strong>ESCUCHA LA NOTA COMPLETA<\/strong><\/span><\/p>\n<audio class=\"wp-audio-shortcode\" id=\"audio-9284-1\" preload=\"none\" style=\"width: 100%;\" controls=\"controls\"><source type=\"audio\/mpeg\" src=\"http:\/\/www.curva1.com.ar\/wp-content\/uploads\/2013\/10\/Ra\u00fal-Imberti-2-de-octubre.mp3?_=1\" \/><a href=\"http:\/\/www.curva1.com.ar\/wp-content\/uploads\/2013\/10\/Ra\u00fal-Imberti-2-de-octubre.mp3\">http:\/\/www.curva1.com.ar\/wp-content\/uploads\/2013\/10\/Ra\u00fal-Imberti-2-de-octubre.mp3<\/a><\/audio>\n","protected":false},"excerpt":{"rendered":"<p>Curva 1 RADIO tuvo al aire al propietario del aut\u00f3dromo Guido Maineri de Jun\u00edn, que<\/p>\n","protected":false},"author":1,"featured_media":9285,"comment_status":"open","ping_status":"closed","sticky":false,"template":"","format":"standard","meta":{"footnotes":""},"categories":[3],"tags":[],"class_list":["post-9284","post","type-post","status-publish","format-standard","has-post-thumbnail","hentry","category-tradicionales"],"featured_image_urls":{"full":["https:\/\/curva1.com.ar\/wp-content\/uploads\/2013\/10\/caaaats.jpg",500,281,false],"thumbnail":["https:\/\/curva1.com.ar\/wp-content\/uploads\/2013\/10\/caaaats-300x169.jpg",300,169,true],"medium":["https:\/\/curva1.com.ar\/wp-content\/uploads\/2013\/10\/caaaats.jpg",500,281,false],"medium_large":["https:\/\/curva1.com.ar\/wp-content\/uploads\/2013\/10\/caaaats.jpg",500,281,false],"large":["https:\/\/curva1.com.ar\/wp-content\/uploads\/2013\/10\/caaaats.jpg",500,281,false],"1536x1536":["https:\/\/curva1.com.ar\/wp-content\/uploads\/2013\/10\/caaaats.jpg",500,281,false],"2048x2048":["https:\/\/curva1.com.ar\/wp-content\/uploads\/2013\/10\/caaaats.jpg",500,281,false],"chromenews-featured":["https:\/\/curva1.com.ar\/wp-content\/uploads\/2013\/10\/caaaats.jpg",500,281,false],"chromenews-large":["https:\/\/curva1.com.ar\/wp-content\/uploads\/2013\/10\/caaaats.jpg",500,281,false],"chromenews-medium":["https:\/\/curva1.com.ar\/wp-content\/uploads\/2013\/10\/caaaats.jpg",500,281,false]},"author_info":{"display_name":"Jos\u00e9 Bravo","author_link":"https:\/\/curva1.com.ar\/?author=1"},"category_info":"<a href=\"https:\/\/curva1.com.ar\/?cat=3\" rel=\"category\">Tradicionales<\/a>","tag_info":"Tradicionales","comment_count":"0","_links":{"self":[{"href":"https:\/\/curva1.com.ar\/index.php?rest_route=\/wp\/v2\/posts\/9284","targetHints":{"allow":["GET"]}}],"collection":[{"href":"https:\/\/curva1.com.ar\/index.php?rest_route=\/wp\/v2\/posts"}],"about":[{"href":"https:\/\/curva1.com.ar\/index.php?rest_route=\/wp\/v2\/types\/post"}],"author":[{"embeddable":true,"href":"https:\/\/curva1.com.ar\/index.php?rest_route=\/wp\/v2\/users\/1"}],"replies":[{"embeddable":true,"href":"https:\/\/curva1.com.ar\/index.php?rest_route=%2Fwp%2Fv2%2Fcomments&post=9284"}],"version-history":[{"count":8,"href":"https:\/\/curva1.com.ar\/index.php?rest_route=\/wp\/v2\/posts\/9284\/revisions"}],"predecessor-version":[{"id":9326,"href":"https:\/\/curva1.com.ar\/index.php?rest_route=\/wp\/v2\/posts\/9284\/revisions\/9326"}],"wp:featuredmedia":[{"embeddable":true,"href":"https:\/\/curva1.com.ar\/index.php?rest_route=\/wp\/v2\/media\/9285"}],"wp:attachment":[{"href":"https:\/\/curva1.com.ar\/index.php?rest_route=%2Fwp%2Fv2%2Fmedia&parent=9284"}],"wp:term":[{"taxonomy":"category","embeddable":true,"href":"https:\/\/curva1.com.ar\/index.php?rest_route=%2Fwp%2Fv2%2Fcategories&post=9284"},{"taxonomy":"post_tag","embeddable":true,"href":"https:\/\/curva1.com.ar\/index.php?rest_route=%2Fwp%2Fv2%2Ftags&post=9284"}],"curies":[{"name":"wp","href":"https:\/\/api.w.org\/{rel}","templated":true}]}}