{"id":9296,"date":"2013-10-03T11:14:19","date_gmt":"2013-10-03T14:14:19","guid":{"rendered":"http:\/\/www.curva1.com.ar\/?p=9296"},"modified":"2013-10-03T12:26:31","modified_gmt":"2013-10-03T15:26:31","slug":"gran-inicio-del-super-enduro-en-el-circuito-arena-cross-de-lujan-de-cuyo","status":"publish","type":"post","link":"https:\/\/curva1.com.ar\/?p=9296","title":{"rendered":"Gran inicio del S\u00faper Enduro en el circuito Arena Cross de Luj\u00e1n"},"content":{"rendered":"<p><img loading=\"lazy\" decoding=\"async\" class=\"aligncenter size-full wp-image-9299\" alt=\"video-enduro.jpg_2033098437\" src=\"http:\/\/www.curva1.com.ar\/wp-content\/uploads\/2013\/10\/video-enduro.jpg_2033098437.jpg\" width=\"500\" height=\"281\" srcset=\"https:\/\/curva1.com.ar\/wp-content\/uploads\/2013\/10\/video-enduro.jpg_2033098437.jpg 500w, https:\/\/curva1.com.ar\/wp-content\/uploads\/2013\/10\/video-enduro.jpg_2033098437-300x169.jpg 300w\" sizes=\"auto, (max-width: 500px) 100vw, 500px\" \/><\/p>\n<p>Con una organizaci\u00f3n impecable comenz\u00f3 a disputarse en Mendoza el Campeonato de S\u00faper Enduro, el cual tuvo como escenario el circuito Arena Cross, montado en el predio Ferial de Luj\u00e1n de Cuyo.<\/p>\n<p>En esta ocasi\u00f3n tuvieron acci\u00f3n las categor\u00edas SE2 (Junior) y SE3 (Master) y entre ambas hubo una presencia de casi 40 motos.<\/p>\n<p>En SE2 la victoria qued\u00f3 en poder del cordob\u00e9s Giuliano Rolandi, quien mostr\u00f3 un ritmo incre\u00edble al mando de su unidad, aunque debi\u00f3 batallar duro para imponerse a rivales como Juli\u00e1n Quiroga y Mat\u00edas Cozzari, quienes finalmente completaron el podio.<\/p>\n<p>Por su parte Fernando Forti fue quien llev\u00f3 a lo m\u00e1s alto los coleres mendocinos, al imponerse en la final de SE3. El endurista local defini\u00f3 la carrera a su favor por escaso m\u00e1rgen ante Fernando Cuoghi; mientras que Hern\u00e1n Lomoro subi\u00f3 al podio.<\/p>\n<p>El campeonato tendr\u00e1 continuidad el s\u00e1bado 19 de octubre y all\u00ed se producir\u00e1 el debut de la categor\u00eda Senior y Promocional. Cabe destacar que en esa ocasi\u00f3n se presentar\u00e1n los mejores enduristas del pa\u00eds, cinco de los cuales est\u00e1n representando esta semana a la Argentina en los Six Days Internacionales de Cerde\u00f1a, en Italia.<\/p>\n<p><strong>Las clasificaciones<\/strong><\/p>\n<p><strong>SE2 (Junior)<\/strong><br \/>\n1 Giuliano Rolandi 58\u201d875<br \/>\n2 Juli\u00e1n Quiroga 1\u201901\u201d906<br \/>\n3 Mat\u00edas Cozzari 1\u201903\u201d674<br \/>\nCampeonato: 1\u00ba G. Rolandi y J. Quiroga 20 puntos, 3\u00ba M. Cozzari 18.<\/p>\n<p><strong>SE3 (Master)<\/strong><br \/>\n1 Fernando Forti 1\u201901\u201d829<br \/>\n2 Fernando Cuoghi 1\u201902\u201d015<br \/>\n3 Hern\u00e1n Lomoro 1\u201904\u201d195<br \/>\nCampeonato: 1\u00ba F. Forti 22 puntos, 2\u00ba F. Cuoghi 19, 3\u00ba F. Ortega 15.<\/p>\n<p><iframe loading=\"lazy\" src=\"\/\/www.youtube.com\/embed\/RzcaA4TAp6M?rel=0\" height=\"375\" width=\"500\" allowfullscreen=\"\" frameborder=\"0\"><\/iframe><\/p>\n<p><strong>Por Franco Ballabriga<\/strong> &#8211; Ovaci\u00f3n &#8211; Diario Uno<\/p>\n","protected":false},"excerpt":{"rendered":"<p>Con una organizaci\u00f3n impecable comenz\u00f3 a disputarse en Mendoza el Campeonato de S\u00faper Enduro, el<\/p>\n","protected":false},"author":1,"featured_media":9299,"comment_status":"open","ping_status":"closed","sticky":false,"template":"","format":"standard","meta":{"footnotes":""},"categories":[1],"tags":[],"class_list":["post-9296","post","type-post","status-publish","format-standard","has-post-thumbnail","hentry","category-zonal-cuyano"],"featured_image_urls":{"full":["https:\/\/curva1.com.ar\/wp-content\/uploads\/2013\/10\/video-enduro.jpg_2033098437.jpg",500,281,false],"thumbnail":["https:\/\/curva1.com.ar\/wp-content\/uploads\/2013\/10\/video-enduro.jpg_2033098437-300x169.jpg",300,169,true],"medium":["https:\/\/curva1.com.ar\/wp-content\/uploads\/2013\/10\/video-enduro.jpg_2033098437.jpg",500,281,false],"medium_large":["https:\/\/curva1.com.ar\/wp-content\/uploads\/2013\/10\/video-enduro.jpg_2033098437.jpg",500,281,false],"large":["https:\/\/curva1.com.ar\/wp-content\/uploads\/2013\/10\/video-enduro.jpg_2033098437.jpg",500,281,false],"1536x1536":["https:\/\/curva1.com.ar\/wp-content\/uploads\/2013\/10\/video-enduro.jpg_2033098437.jpg",500,281,false],"2048x2048":["https:\/\/curva1.com.ar\/wp-content\/uploads\/2013\/10\/video-enduro.jpg_2033098437.jpg",500,281,false],"chromenews-featured":["https:\/\/curva1.com.ar\/wp-content\/uploads\/2013\/10\/video-enduro.jpg_2033098437.jpg",500,281,false],"chromenews-large":["https:\/\/curva1.com.ar\/wp-content\/uploads\/2013\/10\/video-enduro.jpg_2033098437.jpg",500,281,false],"chromenews-medium":["https:\/\/curva1.com.ar\/wp-content\/uploads\/2013\/10\/video-enduro.jpg_2033098437.jpg",500,281,false]},"author_info":{"display_name":"Jos\u00e9 Bravo","author_link":"https:\/\/curva1.com.ar\/?author=1"},"category_info":"<a href=\"https:\/\/curva1.com.ar\/?cat=1\" rel=\"category\">Zonal Cuyano<\/a>","tag_info":"Zonal Cuyano","comment_count":"0","_links":{"self":[{"href":"https:\/\/curva1.com.ar\/index.php?rest_route=\/wp\/v2\/posts\/9296","targetHints":{"allow":["GET"]}}],"collection":[{"href":"https:\/\/curva1.com.ar\/index.php?rest_route=\/wp\/v2\/posts"}],"about":[{"href":"https:\/\/curva1.com.ar\/index.php?rest_route=\/wp\/v2\/types\/post"}],"author":[{"embeddable":true,"href":"https:\/\/curva1.com.ar\/index.php?rest_route=\/wp\/v2\/users\/1"}],"replies":[{"embeddable":true,"href":"https:\/\/curva1.com.ar\/index.php?rest_route=%2Fwp%2Fv2%2Fcomments&post=9296"}],"version-history":[{"count":5,"href":"https:\/\/curva1.com.ar\/index.php?rest_route=\/wp\/v2\/posts\/9296\/revisions"}],"predecessor-version":[{"id":9309,"href":"https:\/\/curva1.com.ar\/index.php?rest_route=\/wp\/v2\/posts\/9296\/revisions\/9309"}],"wp:featuredmedia":[{"embeddable":true,"href":"https:\/\/curva1.com.ar\/index.php?rest_route=\/wp\/v2\/media\/9299"}],"wp:attachment":[{"href":"https:\/\/curva1.com.ar\/index.php?rest_route=%2Fwp%2Fv2%2Fmedia&parent=9296"}],"wp:term":[{"taxonomy":"category","embeddable":true,"href":"https:\/\/curva1.com.ar\/index.php?rest_route=%2Fwp%2Fv2%2Fcategories&post=9296"},{"taxonomy":"post_tag","embeddable":true,"href":"https:\/\/curva1.com.ar\/index.php?rest_route=%2Fwp%2Fv2%2Ftags&post=9296"}],"curies":[{"name":"wp","href":"https:\/\/api.w.org\/{rel}","templated":true}]}}