{"id":9367,"date":"2013-10-11T09:02:35","date_gmt":"2013-10-11T12:02:35","guid":{"rendered":"http:\/\/www.curva1.com.ar\/?p=9367"},"modified":"2013-10-11T09:07:02","modified_gmt":"2013-10-11T12:07:02","slug":"matias-jalaf-quiero-poner-sexta-en-el-tc-de-comodoro-rivadavia","status":"publish","type":"post","link":"https:\/\/curva1.com.ar\/?p=9367","title":{"rendered":"Mat\u00edas Jalaf quiero poner sexta en el TC de Comodoro Rivadavia"},"content":{"rendered":"<p><img loading=\"lazy\" decoding=\"async\" class=\"aligncenter size-full wp-image-9368\" alt=\"893543_10151900914184568_247931545_o\" src=\"http:\/\/www.curva1.com.ar\/wp-content\/uploads\/2013\/10\/893543_10151900914184568_247931545_o.jpg\" width=\"500\" height=\"281\" srcset=\"https:\/\/curva1.com.ar\/wp-content\/uploads\/2013\/10\/893543_10151900914184568_247931545_o.jpg 500w, https:\/\/curva1.com.ar\/wp-content\/uploads\/2013\/10\/893543_10151900914184568_247931545_o-300x169.jpg 300w\" sizes=\"auto, (max-width: 500px) 100vw, 500px\" \/><\/p>\n<p>Mat\u00edas Jalaf buscar\u00e1 desde ma\u00f1ana en el aut\u00f3dromo de Comodoro Rivadavia, en la provincia de Chubut, conseguir su sexta carrera de manera consecutiva arribando a la meta entre los diez primeros y continuar con la buena regularidad conseguida con el Ford que alista el equipo Alifraco Sport y motoriza Fabi\u00e1n Acu\u00f1a.<\/p>\n<p>Tras haber conseguido un und\u00e9cimo puesto en la carrera de Posadas, el mendocino continu\u00f3 en pleno ascenso y en las siguientes cinco finales del Turismo Carretera recibi\u00f3 la bandera a cuadros entre los diez mejores, siendo noveno en Olavarr\u00eda, octavo en la carrera de Paran\u00e1 y consiguiendo nada menos que un quinto puesto en las competencias de Rafaela, Buenos Aires y San Luis.<\/p>\n<p>Por todo lo mencionado el equipo que dirige Walter Alifraco realiz\u00f3 un repaso general sin grandes modificaciones en el Ford, trat\u00e1ndose de un auto que hace varias carreras funciona bien en todo aquel circuito en el cual se pone en pista, de igual manera que el motor que provee Acu\u00f1a.<\/p>\n<p>La actividad oficial para la 13ra fecha de la temporada 2013 del Turismo Carretera comenzar\u00e1 ma\u00f1ana viernes en el aut\u00f3dromo de Comodoro Rivadavia, con las primeras tandas de entrenamientos y clasificaci\u00f3n, respectivamente.<\/p>\n","protected":false},"excerpt":{"rendered":"<p>Mat\u00edas Jalaf buscar\u00e1 desde ma\u00f1ana en el aut\u00f3dromo de Comodoro Rivadavia, en la provincia de<\/p>\n","protected":false},"author":1,"featured_media":9368,"comment_status":"open","ping_status":"closed","sticky":false,"template":"","format":"standard","meta":{"footnotes":""},"categories":[6],"tags":[],"class_list":["post-9367","post","type-post","status-publish","format-standard","has-post-thumbnail","hentry","category-nacionales"],"featured_image_urls":{"full":["https:\/\/curva1.com.ar\/wp-content\/uploads\/2013\/10\/893543_10151900914184568_247931545_o.jpg",500,281,false],"thumbnail":["https:\/\/curva1.com.ar\/wp-content\/uploads\/2013\/10\/893543_10151900914184568_247931545_o-300x169.jpg",300,169,true],"medium":["https:\/\/curva1.com.ar\/wp-content\/uploads\/2013\/10\/893543_10151900914184568_247931545_o.jpg",500,281,false],"medium_large":["https:\/\/curva1.com.ar\/wp-content\/uploads\/2013\/10\/893543_10151900914184568_247931545_o.jpg",500,281,false],"large":["https:\/\/curva1.com.ar\/wp-content\/uploads\/2013\/10\/893543_10151900914184568_247931545_o.jpg",500,281,false],"1536x1536":["https:\/\/curva1.com.ar\/wp-content\/uploads\/2013\/10\/893543_10151900914184568_247931545_o.jpg",500,281,false],"2048x2048":["https:\/\/curva1.com.ar\/wp-content\/uploads\/2013\/10\/893543_10151900914184568_247931545_o.jpg",500,281,false],"chromenews-featured":["https:\/\/curva1.com.ar\/wp-content\/uploads\/2013\/10\/893543_10151900914184568_247931545_o.jpg",500,281,false],"chromenews-large":["https:\/\/curva1.com.ar\/wp-content\/uploads\/2013\/10\/893543_10151900914184568_247931545_o.jpg",500,281,false],"chromenews-medium":["https:\/\/curva1.com.ar\/wp-content\/uploads\/2013\/10\/893543_10151900914184568_247931545_o.jpg",500,281,false]},"author_info":{"display_name":"Jos\u00e9 Bravo","author_link":"https:\/\/curva1.com.ar\/?author=1"},"category_info":"<a href=\"https:\/\/curva1.com.ar\/?cat=6\" rel=\"category\">Nacionales<\/a>","tag_info":"Nacionales","comment_count":"0","_links":{"self":[{"href":"https:\/\/curva1.com.ar\/index.php?rest_route=\/wp\/v2\/posts\/9367","targetHints":{"allow":["GET"]}}],"collection":[{"href":"https:\/\/curva1.com.ar\/index.php?rest_route=\/wp\/v2\/posts"}],"about":[{"href":"https:\/\/curva1.com.ar\/index.php?rest_route=\/wp\/v2\/types\/post"}],"author":[{"embeddable":true,"href":"https:\/\/curva1.com.ar\/index.php?rest_route=\/wp\/v2\/users\/1"}],"replies":[{"embeddable":true,"href":"https:\/\/curva1.com.ar\/index.php?rest_route=%2Fwp%2Fv2%2Fcomments&post=9367"}],"version-history":[{"count":1,"href":"https:\/\/curva1.com.ar\/index.php?rest_route=\/wp\/v2\/posts\/9367\/revisions"}],"predecessor-version":[{"id":9369,"href":"https:\/\/curva1.com.ar\/index.php?rest_route=\/wp\/v2\/posts\/9367\/revisions\/9369"}],"wp:featuredmedia":[{"embeddable":true,"href":"https:\/\/curva1.com.ar\/index.php?rest_route=\/wp\/v2\/media\/9368"}],"wp:attachment":[{"href":"https:\/\/curva1.com.ar\/index.php?rest_route=%2Fwp%2Fv2%2Fmedia&parent=9367"}],"wp:term":[{"taxonomy":"category","embeddable":true,"href":"https:\/\/curva1.com.ar\/index.php?rest_route=%2Fwp%2Fv2%2Fcategories&post=9367"},{"taxonomy":"post_tag","embeddable":true,"href":"https:\/\/curva1.com.ar\/index.php?rest_route=%2Fwp%2Fv2%2Ftags&post=9367"}],"curies":[{"name":"wp","href":"https:\/\/api.w.org\/{rel}","templated":true}]}}