{"id":9399,"date":"2013-10-11T11:22:36","date_gmt":"2013-10-11T14:22:36","guid":{"rendered":"http:\/\/www.curva1.com.ar\/?p=9399"},"modified":"2013-10-11T11:22:36","modified_gmt":"2013-10-11T14:22:36","slug":"danilo-gil-con-agenda-apretada-y-por-sumarse-al-tc-cuyano","status":"publish","type":"post","link":"https:\/\/curva1.com.ar\/?p=9399","title":{"rendered":"Danilo Gil con agenda apretada y por sumarse al TC Cuyano"},"content":{"rendered":"<p><img loading=\"lazy\" decoding=\"async\" class=\"aligncenter size-full wp-image-9400\" alt=\"559464_565990840121797_1744094166_n\" src=\"http:\/\/www.curva1.com.ar\/wp-content\/uploads\/2013\/10\/559464_565990840121797_1744094166_n.jpg\" width=\"500\" height=\"281\" srcset=\"https:\/\/curva1.com.ar\/wp-content\/uploads\/2013\/10\/559464_565990840121797_1744094166_n.jpg 500w, https:\/\/curva1.com.ar\/wp-content\/uploads\/2013\/10\/559464_565990840121797_1744094166_n-300x169.jpg 300w\" sizes=\"auto, (max-width: 500px) 100vw, 500px\" \/><\/p>\n<p>El joven piloto de Guaymall\u00e9n debut\u00f3 el fin de semana pasado en el Super Car del campeonato Pista San Lu\u00eds donde termin\u00f3 quinto en la categor\u00eda y ahora va por m\u00e1s.<\/p>\n<p>Con una experiencia positiva a bordo del auto del equipo de Iv\u00e1n Vechetti, tiene la intenci\u00f3n de sumarse al TC Cuyano en la pr\u00f3xima fecha y ser as\u00ed el piloto con menor edad en la categor\u00eda.<\/p>\n<p>El domingo pasado Danilo Gil corri\u00f3 en San Lu\u00eds, este finde estar\u00e1 compitiendo en la F\u00f3rmula 1100 de Tradicionales y el otro finde estar\u00e1 en el Zonal Cuyano.<\/p>\n","protected":false},"excerpt":{"rendered":"<p>El joven piloto de Guaymall\u00e9n debut\u00f3 el fin de semana pasado en el Super Car<\/p>\n","protected":false},"author":1,"featured_media":9400,"comment_status":"open","ping_status":"closed","sticky":false,"template":"","format":"standard","meta":{"footnotes":""},"categories":[1],"tags":[],"class_list":["post-9399","post","type-post","status-publish","format-standard","has-post-thumbnail","hentry","category-zonal-cuyano"],"featured_image_urls":{"full":["https:\/\/curva1.com.ar\/wp-content\/uploads\/2013\/10\/559464_565990840121797_1744094166_n.jpg",500,281,false],"thumbnail":["https:\/\/curva1.com.ar\/wp-content\/uploads\/2013\/10\/559464_565990840121797_1744094166_n-300x169.jpg",300,169,true],"medium":["https:\/\/curva1.com.ar\/wp-content\/uploads\/2013\/10\/559464_565990840121797_1744094166_n.jpg",500,281,false],"medium_large":["https:\/\/curva1.com.ar\/wp-content\/uploads\/2013\/10\/559464_565990840121797_1744094166_n.jpg",500,281,false],"large":["https:\/\/curva1.com.ar\/wp-content\/uploads\/2013\/10\/559464_565990840121797_1744094166_n.jpg",500,281,false],"1536x1536":["https:\/\/curva1.com.ar\/wp-content\/uploads\/2013\/10\/559464_565990840121797_1744094166_n.jpg",500,281,false],"2048x2048":["https:\/\/curva1.com.ar\/wp-content\/uploads\/2013\/10\/559464_565990840121797_1744094166_n.jpg",500,281,false],"chromenews-featured":["https:\/\/curva1.com.ar\/wp-content\/uploads\/2013\/10\/559464_565990840121797_1744094166_n.jpg",500,281,false],"chromenews-large":["https:\/\/curva1.com.ar\/wp-content\/uploads\/2013\/10\/559464_565990840121797_1744094166_n.jpg",500,281,false],"chromenews-medium":["https:\/\/curva1.com.ar\/wp-content\/uploads\/2013\/10\/559464_565990840121797_1744094166_n.jpg",500,281,false]},"author_info":{"display_name":"Jos\u00e9 Bravo","author_link":"https:\/\/curva1.com.ar\/?author=1"},"category_info":"<a href=\"https:\/\/curva1.com.ar\/?cat=1\" rel=\"category\">Zonal Cuyano<\/a>","tag_info":"Zonal Cuyano","comment_count":"0","_links":{"self":[{"href":"https:\/\/curva1.com.ar\/index.php?rest_route=\/wp\/v2\/posts\/9399","targetHints":{"allow":["GET"]}}],"collection":[{"href":"https:\/\/curva1.com.ar\/index.php?rest_route=\/wp\/v2\/posts"}],"about":[{"href":"https:\/\/curva1.com.ar\/index.php?rest_route=\/wp\/v2\/types\/post"}],"author":[{"embeddable":true,"href":"https:\/\/curva1.com.ar\/index.php?rest_route=\/wp\/v2\/users\/1"}],"replies":[{"embeddable":true,"href":"https:\/\/curva1.com.ar\/index.php?rest_route=%2Fwp%2Fv2%2Fcomments&post=9399"}],"version-history":[{"count":1,"href":"https:\/\/curva1.com.ar\/index.php?rest_route=\/wp\/v2\/posts\/9399\/revisions"}],"predecessor-version":[{"id":9401,"href":"https:\/\/curva1.com.ar\/index.php?rest_route=\/wp\/v2\/posts\/9399\/revisions\/9401"}],"wp:featuredmedia":[{"embeddable":true,"href":"https:\/\/curva1.com.ar\/index.php?rest_route=\/wp\/v2\/media\/9400"}],"wp:attachment":[{"href":"https:\/\/curva1.com.ar\/index.php?rest_route=%2Fwp%2Fv2%2Fmedia&parent=9399"}],"wp:term":[{"taxonomy":"category","embeddable":true,"href":"https:\/\/curva1.com.ar\/index.php?rest_route=%2Fwp%2Fv2%2Fcategories&post=9399"},{"taxonomy":"post_tag","embeddable":true,"href":"https:\/\/curva1.com.ar\/index.php?rest_route=%2Fwp%2Fv2%2Ftags&post=9399"}],"curies":[{"name":"wp","href":"https:\/\/api.w.org\/{rel}","templated":true}]}}