{"id":9467,"date":"2013-10-20T22:04:53","date_gmt":"2013-10-21T01:04:53","guid":{"rendered":"http:\/\/www.curva1.com.ar\/?p=9467"},"modified":"2013-10-20T22:13:35","modified_gmt":"2013-10-21T01:13:35","slug":"tomy-martin-y-jorgito-vitar-se-coronaron-campeones-del-trofeo-cnk-que-corrio-en-mendoza","status":"publish","type":"post","link":"https:\/\/curva1.com.ar\/?p=9467","title":{"rendered":"Tomy Martin y Jorgito Vitar se coronaron Campeones del Trofeo CNK que corri\u00f3 en Mendoza"},"content":{"rendered":"<figure id=\"attachment_9468\" aria-describedby=\"caption-attachment-9468\" style=\"width: 503px\" class=\"wp-caption aligncenter\"><img loading=\"lazy\" decoding=\"async\" class=\"size-full wp-image-9468\" alt=\"1387713_173715236155400_617246660_o\" src=\"http:\/\/www.curva1.com.ar\/wp-content\/uploads\/2013\/10\/1387713_173715236155400_617246660_o.jpg\" width=\"503\" height=\"282\" srcset=\"https:\/\/curva1.com.ar\/wp-content\/uploads\/2013\/10\/1387713_173715236155400_617246660_o.jpg 600w, https:\/\/curva1.com.ar\/wp-content\/uploads\/2013\/10\/1387713_173715236155400_617246660_o-300x169.jpg 300w\" sizes=\"auto, (max-width: 503px) 100vw, 503px\" \/><figcaption id=\"caption-attachment-9468\" class=\"wp-caption-text\"><span style=\"color: #ff0000;\">LOS CAMPEONES: Tom\u00e1s Martin (Mendoza), Giorgio Carrara (Chaco), Jorge Vitar (Mendoza) y Esteban Fern\u00e1ndez (Buenos Aires)<\/span><\/figcaption><\/figure>\n<p>Fin de semana fant\u00e1stico para los tres mendocinos que ten\u00edan posibilidades de &#8220;gritar campe\u00f3n&#8221;.<\/p>\n<p>En la categor\u00eda Promocional llegaba con chanches Juli\u00e1n M\u00f3dica (en la 3\u00ba posici\u00f3n) y Tom\u00e1s Martin (en segundo lugar del campeonato). M\u00f3dica fue due\u00f1o del fin de semana, al marcar la pole y ganar las dos carreras de la jornada. &#8220;Tomy&#8221; Martin lleg\u00f3 segundo en la final y se coron\u00f3 Campe\u00f3n 2013, siendo su primer logro de car\u00e1cter nacional. Para destacar que el podio fue completado por Valentino Santero, siendo totalmente &#8220;mendocino&#8221;.<\/p>\n<p>En Sudam J\u00fanior, el guaymallino Jorge Vitar llegaba como puntero y pudo festejar en su tierra. Ven\u00eda segundo en la pen\u00faltima vuelta, pas\u00f3 al frente y dos curvas despu\u00e9s se toc\u00f3 con Hern\u00e1n Palazzo. Vitar qued\u00f3 tirado, se pech\u00f3 solo y sali\u00f3 a pista para terminar octavo y luego del recargo por la maniobra ser noveno y alcanzarle esto para ser Campe\u00f3n. Con esto Vitar consegu\u00ed su segundo t\u00edtulo en dos semanas, adem\u00e1s de haberse ganado el pase al Mundial Rotax.<\/p>\n<p>As\u00ed terminaron todos los mendocinos:<\/p>\n<p style=\"padding-left: 30px;\">PROMOCIONAL (14 pilotos): 1\u00ba Juli\u00e1n M\u00f3dica, 2\u00ba Tom\u00e1s Mart\u00edn, 3\u00ba Valentino Santero.<\/p>\n<p style=\"padding-left: 30px;\">PRE JUNIOR (17 pilotos): 8\u00ba Javier N\u00fa\u00f1ez, 9\u00ba Germ\u00e1n Mart\u00ednez, 12\u00ba Ger\u00f3nimo C\u00f3nsoli 13\u00ba Lucas Vicino, Excluido fue Juan Manuel Segura.<\/p>\n<p style=\"padding-left: 30px;\">SUDAM JUNIOR (16 pilotos): 4\u00ba Nazareno Moscetta, 9\u00ba Jorge Vitar, 14\u00ba Ignacio Broccolo.<\/p>\n<p style=\"padding-left: 30px;\">ICC SUDAM ( 15 pilotos): 5\u00ba Guido Badaloni.<\/p>\n","protected":false},"excerpt":{"rendered":"<p>Fin de semana fant\u00e1stico para los tres mendocinos que ten\u00edan posibilidades de &#8220;gritar campe\u00f3n&#8221;. En<\/p>\n","protected":false},"author":1,"featured_media":9468,"comment_status":"open","ping_status":"closed","sticky":false,"template":"","format":"standard","meta":{"footnotes":""},"categories":[4],"tags":[],"class_list":["post-9467","post","type-post","status-publish","format-standard","has-post-thumbnail","hentry","category-karting"],"featured_image_urls":{"full":["https:\/\/curva1.com.ar\/wp-content\/uploads\/2013\/10\/1387713_173715236155400_617246660_o.jpg",600,337,false],"thumbnail":["https:\/\/curva1.com.ar\/wp-content\/uploads\/2013\/10\/1387713_173715236155400_617246660_o-300x169.jpg",300,169,true],"medium":["https:\/\/curva1.com.ar\/wp-content\/uploads\/2013\/10\/1387713_173715236155400_617246660_o.jpg",600,337,false],"medium_large":["https:\/\/curva1.com.ar\/wp-content\/uploads\/2013\/10\/1387713_173715236155400_617246660_o.jpg",600,337,false],"large":["https:\/\/curva1.com.ar\/wp-content\/uploads\/2013\/10\/1387713_173715236155400_617246660_o.jpg",600,337,false],"1536x1536":["https:\/\/curva1.com.ar\/wp-content\/uploads\/2013\/10\/1387713_173715236155400_617246660_o.jpg",600,337,false],"2048x2048":["https:\/\/curva1.com.ar\/wp-content\/uploads\/2013\/10\/1387713_173715236155400_617246660_o.jpg",600,337,false],"chromenews-featured":["https:\/\/curva1.com.ar\/wp-content\/uploads\/2013\/10\/1387713_173715236155400_617246660_o.jpg",600,337,false],"chromenews-large":["https:\/\/curva1.com.ar\/wp-content\/uploads\/2013\/10\/1387713_173715236155400_617246660_o.jpg",600,337,false],"chromenews-medium":["https:\/\/curva1.com.ar\/wp-content\/uploads\/2013\/10\/1387713_173715236155400_617246660_o.jpg",590,331,false]},"author_info":{"display_name":"Jos\u00e9 Bravo","author_link":"https:\/\/curva1.com.ar\/?author=1"},"category_info":"<a href=\"https:\/\/curva1.com.ar\/?cat=4\" rel=\"category\">Karting Asfalto<\/a>","tag_info":"Karting Asfalto","comment_count":"0","_links":{"self":[{"href":"https:\/\/curva1.com.ar\/index.php?rest_route=\/wp\/v2\/posts\/9467","targetHints":{"allow":["GET"]}}],"collection":[{"href":"https:\/\/curva1.com.ar\/index.php?rest_route=\/wp\/v2\/posts"}],"about":[{"href":"https:\/\/curva1.com.ar\/index.php?rest_route=\/wp\/v2\/types\/post"}],"author":[{"embeddable":true,"href":"https:\/\/curva1.com.ar\/index.php?rest_route=\/wp\/v2\/users\/1"}],"replies":[{"embeddable":true,"href":"https:\/\/curva1.com.ar\/index.php?rest_route=%2Fwp%2Fv2%2Fcomments&post=9467"}],"version-history":[{"count":3,"href":"https:\/\/curva1.com.ar\/index.php?rest_route=\/wp\/v2\/posts\/9467\/revisions"}],"predecessor-version":[{"id":9471,"href":"https:\/\/curva1.com.ar\/index.php?rest_route=\/wp\/v2\/posts\/9467\/revisions\/9471"}],"wp:featuredmedia":[{"embeddable":true,"href":"https:\/\/curva1.com.ar\/index.php?rest_route=\/wp\/v2\/media\/9468"}],"wp:attachment":[{"href":"https:\/\/curva1.com.ar\/index.php?rest_route=%2Fwp%2Fv2%2Fmedia&parent=9467"}],"wp:term":[{"taxonomy":"category","embeddable":true,"href":"https:\/\/curva1.com.ar\/index.php?rest_route=%2Fwp%2Fv2%2Fcategories&post=9467"},{"taxonomy":"post_tag","embeddable":true,"href":"https:\/\/curva1.com.ar\/index.php?rest_route=%2Fwp%2Fv2%2Ftags&post=9467"}],"curies":[{"name":"wp","href":"https:\/\/api.w.org\/{rel}","templated":true}]}}