{"id":9493,"date":"2013-10-24T23:53:07","date_gmt":"2013-10-25T02:53:07","guid":{"rendered":"http:\/\/www.curva1.com.ar\/?p=9493"},"modified":"2013-10-25T09:50:52","modified_gmt":"2013-10-25T12:50:52","slug":"la-cnk-confirmo-que-el-kartodromo-de-san-martin-estara-en-el-calendario-2014","status":"publish","type":"post","link":"https:\/\/curva1.com.ar\/?p=9493","title":{"rendered":"La CNK confirm\u00f3 que el Kart\u00f3dromo de San Mart\u00edn estar\u00e1 en el calendario 2014"},"content":{"rendered":"<p><img loading=\"lazy\" decoding=\"async\" class=\"aligncenter size-full wp-image-9494\" alt=\"IMG_0986\" src=\"http:\/\/www.curva1.com.ar\/wp-content\/uploads\/2013\/10\/IMG_0986.jpg\" width=\"500\" height=\"282\" srcset=\"https:\/\/curva1.com.ar\/wp-content\/uploads\/2013\/10\/IMG_0986.jpg 500w, https:\/\/curva1.com.ar\/wp-content\/uploads\/2013\/10\/IMG_0986-300x169.jpg 300w\" sizes=\"auto, (max-width: 500px) 100vw, 500px\" \/><\/p>\n<p>La nueva camada de circuitos de karts en Argentina est\u00e1 dando que hablar y el Kart\u00f3dromo de San Mart\u00edn, en la provincia de Mendoza, no ha quedado ajeno.<\/p>\n<p>Tras ser sede el fin de semana pasado de la fecha coronaci\u00f3n del Trofeo CNK, y sin todav\u00eda recibir el coronaci\u00f3n del Campeonato Argentino de Karting, desde la CNK han confirmado que Mendoza ser\u00e1 parte del calendario 2014.<\/p>\n<p>Algo muy positivo y alentador para la Subcomisi\u00f3n de Karting de AVE, que ha trabajado duro para llevar la pista hasta 1230 metros de longitud (el trazado m\u00e1s largo usado durante el a\u00f1o) y dar servicios a pilotos, como la pantalla de led gigante que se puso a disposici\u00f3n el domingo pasado.<\/p>\n<p><strong>MAS CONFIRMACIONES<\/strong><\/p>\n<p>Juan Manuel Esnal, Presidente de la Comisi\u00f3n Nacional de Karting, fue entrevistado por los dos diarios de mayor circulaci\u00f3n en Mendoza y Cuyo.<\/p>\n<p>En la nota realizada por Franco Ballabriga para el suplemento deportivo Ovaci\u00f3n de DIario UNO, Esnal dijo\u00a0<strong>&#8220;Tenemos muchos pedidos de inspecci\u00f3n a circuitos y eso nos llena de orgullo, pero la realidad es que con Formosa, Comodoro Rivadavia y Mendoza vamos a seguir estando, por el enorme esfuerzo que han hecho para ser sede de estos eventos&#8221;.<\/strong><\/p>\n<p>En Diario Los Andes, con 130 a\u00f1os de trayectoria, el periodista Diego Esp\u00f3sito tambi\u00e9n indag\u00f3 sobre el calendario 2014 y Esnal contest\u00f3\u00a0<strong>\u201cSan Mart\u00edn estar\u00e1 en el calendario 2014 junto a Comodoro Rivadavia y Formosa. Han hecho una inversi\u00f3n y un trabajo enormes para contar con el karting nacional y ser\u00eda una picard\u00eda que tengan actividad solamente un a\u00f1o. Por eso, el a\u00f1o que viene regresaremos a Mendoza con el Trofeo CNK y el Argentino, aunque no sabemos en qu\u00e9 fechas\u201d<\/strong>.<\/p>\n<p>A su vez, afirm\u00f3 que\u00a0<strong>\u201cColonia Caroya lo recuperamos en 2013 y estar\u00e1 el a\u00f1o pr\u00f3ximo. Despu\u00e9s debemos analizar si Z\u00e1rate est\u00e1 en el calendario y habr\u00e1 que tener en cuenta a otro kart\u00f3dromo de Buenos Aires. Aparte, hemos tenido propuestas de Salta, Catamarca y Entre R\u00edos, que est\u00e1n trabajando en circuitos para recibir al Argentino\u201d.<\/strong><\/p>\n<p>Sobre las obras que habr\u00eda que realizar con vistas al Argentino, indic\u00f3:\u00a0<strong>\u201cSon pocas. El circuito qued\u00f3 b\u00e1rbaro con el alargue y la torre de control se construy\u00f3 en pocas semanas y est\u00e1 perfecta. Lo \u00fanico que solicit\u00e9 es el asfaltado en la zona de boxes, por lo que ya se comprometieron a realizarlo\u201d.<\/strong><\/p>\n<p><img loading=\"lazy\" decoding=\"async\" class=\"aligncenter size-full wp-image-9495\" alt=\"IMG_0983\" src=\"http:\/\/www.curva1.com.ar\/wp-content\/uploads\/2013\/10\/IMG_0983.jpg\" width=\"500\" height=\"282\" srcset=\"https:\/\/curva1.com.ar\/wp-content\/uploads\/2013\/10\/IMG_0983.jpg 500w, https:\/\/curva1.com.ar\/wp-content\/uploads\/2013\/10\/IMG_0983-300x169.jpg 300w\" sizes=\"auto, (max-width: 500px) 100vw, 500px\" \/> <img loading=\"lazy\" decoding=\"async\" class=\"aligncenter size-full wp-image-9496\" alt=\"IMG_1796\" src=\"http:\/\/www.curva1.com.ar\/wp-content\/uploads\/2013\/10\/IMG_1796.jpg\" width=\"500\" height=\"333\" \/><\/p>\n","protected":false},"excerpt":{"rendered":"<p>La nueva camada de circuitos de karts en Argentina est\u00e1 dando que hablar y el<\/p>\n","protected":false},"author":1,"featured_media":9494,"comment_status":"open","ping_status":"closed","sticky":false,"template":"","format":"standard","meta":{"footnotes":""},"categories":[4],"tags":[],"class_list":["post-9493","post","type-post","status-publish","format-standard","has-post-thumbnail","hentry","category-karting"],"featured_image_urls":{"full":["https:\/\/curva1.com.ar\/wp-content\/uploads\/2013\/10\/IMG_0986.jpg",500,282,false],"thumbnail":["https:\/\/curva1.com.ar\/wp-content\/uploads\/2013\/10\/IMG_0986-300x169.jpg",300,169,true],"medium":["https:\/\/curva1.com.ar\/wp-content\/uploads\/2013\/10\/IMG_0986.jpg",500,282,false],"medium_large":["https:\/\/curva1.com.ar\/wp-content\/uploads\/2013\/10\/IMG_0986.jpg",500,282,false],"large":["https:\/\/curva1.com.ar\/wp-content\/uploads\/2013\/10\/IMG_0986.jpg",500,282,false],"1536x1536":["https:\/\/curva1.com.ar\/wp-content\/uploads\/2013\/10\/IMG_0986.jpg",500,282,false],"2048x2048":["https:\/\/curva1.com.ar\/wp-content\/uploads\/2013\/10\/IMG_0986.jpg",500,282,false],"chromenews-featured":["https:\/\/curva1.com.ar\/wp-content\/uploads\/2013\/10\/IMG_0986.jpg",500,282,false],"chromenews-large":["https:\/\/curva1.com.ar\/wp-content\/uploads\/2013\/10\/IMG_0986.jpg",500,282,false],"chromenews-medium":["https:\/\/curva1.com.ar\/wp-content\/uploads\/2013\/10\/IMG_0986.jpg",500,282,false]},"author_info":{"display_name":"Jos\u00e9 Bravo","author_link":"https:\/\/curva1.com.ar\/?author=1"},"category_info":"<a href=\"https:\/\/curva1.com.ar\/?cat=4\" rel=\"category\">Karting Asfalto<\/a>","tag_info":"Karting Asfalto","comment_count":"0","_links":{"self":[{"href":"https:\/\/curva1.com.ar\/index.php?rest_route=\/wp\/v2\/posts\/9493","targetHints":{"allow":["GET"]}}],"collection":[{"href":"https:\/\/curva1.com.ar\/index.php?rest_route=\/wp\/v2\/posts"}],"about":[{"href":"https:\/\/curva1.com.ar\/index.php?rest_route=\/wp\/v2\/types\/post"}],"author":[{"embeddable":true,"href":"https:\/\/curva1.com.ar\/index.php?rest_route=\/wp\/v2\/users\/1"}],"replies":[{"embeddable":true,"href":"https:\/\/curva1.com.ar\/index.php?rest_route=%2Fwp%2Fv2%2Fcomments&post=9493"}],"version-history":[{"count":1,"href":"https:\/\/curva1.com.ar\/index.php?rest_route=\/wp\/v2\/posts\/9493\/revisions"}],"predecessor-version":[{"id":9497,"href":"https:\/\/curva1.com.ar\/index.php?rest_route=\/wp\/v2\/posts\/9493\/revisions\/9497"}],"wp:featuredmedia":[{"embeddable":true,"href":"https:\/\/curva1.com.ar\/index.php?rest_route=\/wp\/v2\/media\/9494"}],"wp:attachment":[{"href":"https:\/\/curva1.com.ar\/index.php?rest_route=%2Fwp%2Fv2%2Fmedia&parent=9493"}],"wp:term":[{"taxonomy":"category","embeddable":true,"href":"https:\/\/curva1.com.ar\/index.php?rest_route=%2Fwp%2Fv2%2Fcategories&post=9493"},{"taxonomy":"post_tag","embeddable":true,"href":"https:\/\/curva1.com.ar\/index.php?rest_route=%2Fwp%2Fv2%2Ftags&post=9493"}],"curies":[{"name":"wp","href":"https:\/\/api.w.org\/{rel}","templated":true}]}}