{"id":9503,"date":"2013-10-21T09:19:05","date_gmt":"2013-10-21T12:19:05","guid":{"rendered":"http:\/\/www.curva1.com.ar\/?p=9503"},"modified":"2013-10-25T09:25:56","modified_gmt":"2013-10-25T12:25:56","slug":"objetivo-cumplido-para-adrian-yacopini-en-el-rally-de-marruecos","status":"publish","type":"post","link":"https:\/\/curva1.com.ar\/?p=9503","title":{"rendered":"Objetivo cumplido para Adri\u00e1n Yacopini en el Rally de Marruecos"},"content":{"rendered":"<p><img loading=\"lazy\" decoding=\"async\" class=\"aligncenter size-full wp-image-9505\" alt=\"la foto (9)\" src=\"http:\/\/www.curva1.com.ar\/wp-content\/uploads\/2013\/10\/la-foto-9.jpg\" width=\"500\" height=\"333\" \/><\/p>\n<p>Completar la competencia y si se pod\u00eda entre los diez mejores era el gran objetivo de Adri\u00e1n Yacopini para el Rally de Marruecos. Lo pudo conseguir a bordo de la X3 que le entreg\u00f3 el equipo alem\u00e1n X-Raid tras seis duros d\u00edas de carrera en el suelo marroqu\u00ed.<\/p>\n<p><strong>\u201cEstoy muy feliz de haber terminado esta carrera que adem\u00e1s de ser\u00a0 una de las m\u00e1s importantes mundialmente es una muy buena preparaci\u00f3n para el Dakar a tan pocos d\u00edas, con esta carrera tome mucha m\u00e1s confianza a la camioneta en lo conductivo pero todav\u00eda queda mucho por aprender, lo mejor es que tengo un copiloto muy profesional y apasionado que no me deja caerme, me ense\u00f1a y me acompa\u00f1a en este momento deportivo que es muy importante en mi vida\u201d<\/strong> expres\u00f3 Adri\u00e1n una vez terminado el Rally, qui\u00e9n agreg\u00f3: <strong>\u201cQuiero dedicar este muy buen resultado a toda mi familia, mis amigos y los sponsors que hace posible lo que logr\u00e9\u201d.<\/strong><\/p>\n<p><img loading=\"lazy\" decoding=\"async\" class=\"aligncenter size-full wp-image-9504\" alt=\"la foto (8)\" src=\"http:\/\/www.curva1.com.ar\/wp-content\/uploads\/2013\/10\/la-foto-8.jpg\" width=\"501\" height=\"282\" srcset=\"https:\/\/curva1.com.ar\/wp-content\/uploads\/2013\/10\/la-foto-8.jpg 600w, https:\/\/curva1.com.ar\/wp-content\/uploads\/2013\/10\/la-foto-8-300x169.jpg 300w, https:\/\/curva1.com.ar\/wp-content\/uploads\/2013\/10\/la-foto-8-598x337.jpg 598w\" sizes=\"auto, (max-width: 501px) 100vw, 501px\" \/><\/p>\n","protected":false},"excerpt":{"rendered":"<p>Completar la competencia y si se pod\u00eda entre los diez mejores era el gran objetivo<\/p>\n","protected":false},"author":1,"featured_media":9504,"comment_status":"open","ping_status":"closed","sticky":false,"template":"","format":"standard","meta":{"footnotes":""},"categories":[6],"tags":[],"class_list":["post-9503","post","type-post","status-publish","format-standard","has-post-thumbnail","hentry","category-nacionales"],"featured_image_urls":{"full":["https:\/\/curva1.com.ar\/wp-content\/uploads\/2013\/10\/la-foto-8.jpg",600,338,false],"thumbnail":["https:\/\/curva1.com.ar\/wp-content\/uploads\/2013\/10\/la-foto-8-300x169.jpg",300,169,true],"medium":["https:\/\/curva1.com.ar\/wp-content\/uploads\/2013\/10\/la-foto-8-598x337.jpg",598,337,true],"medium_large":["https:\/\/curva1.com.ar\/wp-content\/uploads\/2013\/10\/la-foto-8.jpg",600,338,false],"large":["https:\/\/curva1.com.ar\/wp-content\/uploads\/2013\/10\/la-foto-8.jpg",600,338,false],"1536x1536":["https:\/\/curva1.com.ar\/wp-content\/uploads\/2013\/10\/la-foto-8.jpg",600,338,false],"2048x2048":["https:\/\/curva1.com.ar\/wp-content\/uploads\/2013\/10\/la-foto-8.jpg",600,338,false],"chromenews-featured":["https:\/\/curva1.com.ar\/wp-content\/uploads\/2013\/10\/la-foto-8.jpg",600,338,false],"chromenews-large":["https:\/\/curva1.com.ar\/wp-content\/uploads\/2013\/10\/la-foto-8.jpg",600,338,false],"chromenews-medium":["https:\/\/curva1.com.ar\/wp-content\/uploads\/2013\/10\/la-foto-8.jpg",590,332,false]},"author_info":{"display_name":"Jos\u00e9 Bravo","author_link":"https:\/\/curva1.com.ar\/?author=1"},"category_info":"<a href=\"https:\/\/curva1.com.ar\/?cat=6\" rel=\"category\">Nacionales<\/a>","tag_info":"Nacionales","comment_count":"0","_links":{"self":[{"href":"https:\/\/curva1.com.ar\/index.php?rest_route=\/wp\/v2\/posts\/9503","targetHints":{"allow":["GET"]}}],"collection":[{"href":"https:\/\/curva1.com.ar\/index.php?rest_route=\/wp\/v2\/posts"}],"about":[{"href":"https:\/\/curva1.com.ar\/index.php?rest_route=\/wp\/v2\/types\/post"}],"author":[{"embeddable":true,"href":"https:\/\/curva1.com.ar\/index.php?rest_route=\/wp\/v2\/users\/1"}],"replies":[{"embeddable":true,"href":"https:\/\/curva1.com.ar\/index.php?rest_route=%2Fwp%2Fv2%2Fcomments&post=9503"}],"version-history":[{"count":1,"href":"https:\/\/curva1.com.ar\/index.php?rest_route=\/wp\/v2\/posts\/9503\/revisions"}],"predecessor-version":[{"id":9506,"href":"https:\/\/curva1.com.ar\/index.php?rest_route=\/wp\/v2\/posts\/9503\/revisions\/9506"}],"wp:featuredmedia":[{"embeddable":true,"href":"https:\/\/curva1.com.ar\/index.php?rest_route=\/wp\/v2\/media\/9504"}],"wp:attachment":[{"href":"https:\/\/curva1.com.ar\/index.php?rest_route=%2Fwp%2Fv2%2Fmedia&parent=9503"}],"wp:term":[{"taxonomy":"category","embeddable":true,"href":"https:\/\/curva1.com.ar\/index.php?rest_route=%2Fwp%2Fv2%2Fcategories&post=9503"},{"taxonomy":"post_tag","embeddable":true,"href":"https:\/\/curva1.com.ar\/index.php?rest_route=%2Fwp%2Fv2%2Ftags&post=9503"}],"curies":[{"name":"wp","href":"https:\/\/api.w.org\/{rel}","templated":true}]}}