{"id":9519,"date":"2013-10-25T17:43:14","date_gmt":"2013-10-25T20:43:14","guid":{"rendered":"http:\/\/www.curva1.com.ar\/?p=9519"},"modified":"2013-10-25T10:54:02","modified_gmt":"2013-10-25T13:54:02","slug":"orly-terranova-hizo-su-balance-luego-de-triunfar-en-marruecos","status":"publish","type":"post","link":"https:\/\/curva1.com.ar\/?p=9519","title":{"rendered":"Orly Terranova hizo su balance luego de triunfar en Marruecos"},"content":{"rendered":"<p><img loading=\"lazy\" decoding=\"async\" class=\"aligncenter size-full wp-image-9520\" alt=\"terranvoamarruecos131019-wpcf_608x349\" src=\"http:\/\/www.curva1.com.ar\/wp-content\/uploads\/2013\/10\/terranvoamarruecos131019-wpcf_608x349.jpg\" width=\"500\" height=\"281\" srcset=\"https:\/\/curva1.com.ar\/wp-content\/uploads\/2013\/10\/terranvoamarruecos131019-wpcf_608x349.jpg 500w, https:\/\/curva1.com.ar\/wp-content\/uploads\/2013\/10\/terranvoamarruecos131019-wpcf_608x349-300x169.jpg 300w\" sizes=\"auto, (max-width: 500px) 100vw, 500px\" \/><\/p>\n<p>Luego del triunfo obtenido la semana pasada, el argentino ya piensa en el Dakar.<\/p>\n<blockquote><p><strong><a href=\"http:\/\/www.campeonesnet.com.ar\/wp-content\/uploads\/2013\/10\/241013_terranova_campeones.mp3\" target=\"_blank\">ESCUCHA la nota completa<\/a><\/strong><\/p><\/blockquote>\n<p>Orly Terranova dio un gran paso en el Rally de Marruecos, donde se qued\u00f3 con el triunfo y mostr\u00f3 un s\u00f3lido funcionamiento con el equipo Mini.\u00a0Con esa base, el mendocino afrontar\u00e1 el dakar 2014, donde una vez m\u00e1s estar\u00e1 navegado por Paulo Fiuza.<\/p>\n<p><em>\u201cEstamos consolidando la tripulaci\u00f3n con Paulo Fiuza, volv\u00ed muy contento de Marruecos. Crecimos mucho los dos, y si bien hay cosas para ajustar, podemos llegar a tener muy buenos resultados\u201d<\/em>, manifest\u00f3 Terranova en Campeones por Radio Rivadavia.<\/p>\n<p>En cuanto al funcionamiento del Mini, el argentino cont\u00f3 que\u00a0<em>\u201cel auto gan\u00f3 mucha velocidad en curva y frenada. En lo que es salto estamos casi en la misma condici\u00f3n. Entre el motor y el nuevo chasis el auto se puso muy veloz, competitivo y confiable\u201d.<\/em><\/p>\n<p>Previo al Dakar, Terranova viajar\u00e1 a Alemania para realizar un ensayo con todo el equipo y as\u00ed dejar\u00e1 todo listo para la competencia que se largar\u00e1 el 5 de enero.<\/p>\n<p><em>\u201cAhora tenemos mucho trabajo f\u00edsico y un entrenamiento en Alemania. El Dakar va a ser muy f\u00edsico, hay que ser muy inteligente en leer la carrera. Para el veh\u00edculo nuestro va a ser una ventaja si hay menos arena y m\u00e1s piso firme\u201d.<\/em><\/p>\n<p>&nbsp;<\/p>\n","protected":false},"excerpt":{"rendered":"<p>Luego del triunfo obtenido la semana pasada, el argentino ya piensa en el Dakar. ESCUCHA<\/p>\n","protected":false},"author":1,"featured_media":9520,"comment_status":"open","ping_status":"closed","sticky":false,"template":"","format":"standard","meta":{"footnotes":""},"categories":[6],"tags":[],"class_list":["post-9519","post","type-post","status-publish","format-standard","has-post-thumbnail","hentry","category-nacionales"],"featured_image_urls":{"full":["https:\/\/curva1.com.ar\/wp-content\/uploads\/2013\/10\/terranvoamarruecos131019-wpcf_608x349.jpg",500,281,false],"thumbnail":["https:\/\/curva1.com.ar\/wp-content\/uploads\/2013\/10\/terranvoamarruecos131019-wpcf_608x349-300x169.jpg",300,169,true],"medium":["https:\/\/curva1.com.ar\/wp-content\/uploads\/2013\/10\/terranvoamarruecos131019-wpcf_608x349.jpg",500,281,false],"medium_large":["https:\/\/curva1.com.ar\/wp-content\/uploads\/2013\/10\/terranvoamarruecos131019-wpcf_608x349.jpg",500,281,false],"large":["https:\/\/curva1.com.ar\/wp-content\/uploads\/2013\/10\/terranvoamarruecos131019-wpcf_608x349.jpg",500,281,false],"1536x1536":["https:\/\/curva1.com.ar\/wp-content\/uploads\/2013\/10\/terranvoamarruecos131019-wpcf_608x349.jpg",500,281,false],"2048x2048":["https:\/\/curva1.com.ar\/wp-content\/uploads\/2013\/10\/terranvoamarruecos131019-wpcf_608x349.jpg",500,281,false],"chromenews-featured":["https:\/\/curva1.com.ar\/wp-content\/uploads\/2013\/10\/terranvoamarruecos131019-wpcf_608x349.jpg",500,281,false],"chromenews-large":["https:\/\/curva1.com.ar\/wp-content\/uploads\/2013\/10\/terranvoamarruecos131019-wpcf_608x349.jpg",500,281,false],"chromenews-medium":["https:\/\/curva1.com.ar\/wp-content\/uploads\/2013\/10\/terranvoamarruecos131019-wpcf_608x349.jpg",500,281,false]},"author_info":{"display_name":"Jos\u00e9 Bravo","author_link":"https:\/\/curva1.com.ar\/?author=1"},"category_info":"<a href=\"https:\/\/curva1.com.ar\/?cat=6\" rel=\"category\">Nacionales<\/a>","tag_info":"Nacionales","comment_count":"0","_links":{"self":[{"href":"https:\/\/curva1.com.ar\/index.php?rest_route=\/wp\/v2\/posts\/9519","targetHints":{"allow":["GET"]}}],"collection":[{"href":"https:\/\/curva1.com.ar\/index.php?rest_route=\/wp\/v2\/posts"}],"about":[{"href":"https:\/\/curva1.com.ar\/index.php?rest_route=\/wp\/v2\/types\/post"}],"author":[{"embeddable":true,"href":"https:\/\/curva1.com.ar\/index.php?rest_route=\/wp\/v2\/users\/1"}],"replies":[{"embeddable":true,"href":"https:\/\/curva1.com.ar\/index.php?rest_route=%2Fwp%2Fv2%2Fcomments&post=9519"}],"version-history":[{"count":1,"href":"https:\/\/curva1.com.ar\/index.php?rest_route=\/wp\/v2\/posts\/9519\/revisions"}],"predecessor-version":[{"id":9521,"href":"https:\/\/curva1.com.ar\/index.php?rest_route=\/wp\/v2\/posts\/9519\/revisions\/9521"}],"wp:featuredmedia":[{"embeddable":true,"href":"https:\/\/curva1.com.ar\/index.php?rest_route=\/wp\/v2\/media\/9520"}],"wp:attachment":[{"href":"https:\/\/curva1.com.ar\/index.php?rest_route=%2Fwp%2Fv2%2Fmedia&parent=9519"}],"wp:term":[{"taxonomy":"category","embeddable":true,"href":"https:\/\/curva1.com.ar\/index.php?rest_route=%2Fwp%2Fv2%2Fcategories&post=9519"},{"taxonomy":"post_tag","embeddable":true,"href":"https:\/\/curva1.com.ar\/index.php?rest_route=%2Fwp%2Fv2%2Ftags&post=9519"}],"curies":[{"name":"wp","href":"https:\/\/api.w.org\/{rel}","templated":true}]}}