{"id":9549,"date":"2013-10-29T14:37:17","date_gmt":"2013-10-29T17:37:17","guid":{"rendered":"http:\/\/www.curva1.com.ar\/?p=9549"},"modified":"2013-10-29T14:37:17","modified_gmt":"2013-10-29T17:37:17","slug":"manana-se-presenta-la-fecha-del-super-tc-2000-en-mendoza","status":"publish","type":"post","link":"https:\/\/curva1.com.ar\/?p=9549","title":{"rendered":"Ma\u00f1ana se presenta la fecha del S\u00faper TC 2000 en Mendoza"},"content":{"rendered":"<p><img loading=\"lazy\" decoding=\"async\" class=\"aligncenter size-full wp-image-9550\" alt=\"0120\" src=\"http:\/\/www.curva1.com.ar\/wp-content\/uploads\/2013\/10\/0120.jpg\" width=\"500\" height=\"281\" srcset=\"https:\/\/curva1.com.ar\/wp-content\/uploads\/2013\/10\/0120.jpg 500w, https:\/\/curva1.com.ar\/wp-content\/uploads\/2013\/10\/0120-300x169.jpg 300w\" sizes=\"auto, (max-width: 500px) 100vw, 500px\" \/><\/p>\n<p>Ma\u00f1ana se llevar\u00e1 a cabo la presentaci\u00f3n de la <b>11ma. fecha<\/b> del <b>2\u00b0 Campeonato Argentino de S\u00faper TC2000<\/b> que se realizar\u00e1 entre el <b>08 y el 10 de Noviembre<\/b> en el <b>Aut\u00f3dromo Jorge \u00c1ngel Pena<\/b>, de <b>San Mart\u00edn<\/b>, provincia de <b>Mendoza<\/b>.<\/p>\n<p>El encuentro con la prensa ser\u00e1 en el <b>Ministerio de Turismo (Av. San Mart\u00edn 1143 de Mendoza)<\/b> a las <b>11:30 horas<\/b> y contar\u00e1 con la presencia <b>Ministro de Turismo provincial Javier Espina<\/b>, de <b>Alejandra Papaccioli Sub secretaria de Promociones Tur\u00edsticas<\/b>, de <b>Federico Flores Director de Promociones Tur\u00edsticas<\/b> a quienes acompa\u00f1ar\u00e1n <b>los pilotos de S\u00faper TC2000<\/b> <b>Bernardo LLaver (Toyota Team Argentina) y N\u00e9stor Girolami (Peugeot LoJack Team)<\/b>, el <b>Campe\u00f3n 2013 de F\u00f3rmula Renault 2,0 Juli\u00e1n Santero<\/b> <b>(Gabriel Werner Competici\u00f3n)<\/b> y el <b>Presidente de la Asociaci\u00f3n Volantes de Este, Rodolfo Gatto. <\/b><\/p>\n<p>En la presentaci\u00f3n se brindar\u00e1n todos los detalles de la ante\u00faltima competencia de la temporada y culminada la misma, el <b>Show Car del equipo Toyota<\/b> y el <b>Peugeot RCZ<\/b> que es el <b>Auto de Seguridad<\/b> de las competencias, recorrer\u00e1n el centro mendocino conducidos por los pilotos.<\/p>\n","protected":false},"excerpt":{"rendered":"<p>Ma\u00f1ana se llevar\u00e1 a cabo la presentaci\u00f3n de la 11ma. fecha del 2\u00b0 Campeonato Argentino<\/p>\n","protected":false},"author":1,"featured_media":9550,"comment_status":"open","ping_status":"closed","sticky":false,"template":"","format":"standard","meta":{"footnotes":""},"categories":[6],"tags":[],"class_list":["post-9549","post","type-post","status-publish","format-standard","has-post-thumbnail","hentry","category-nacionales"],"featured_image_urls":{"full":["https:\/\/curva1.com.ar\/wp-content\/uploads\/2013\/10\/0120.jpg",500,281,false],"thumbnail":["https:\/\/curva1.com.ar\/wp-content\/uploads\/2013\/10\/0120-300x169.jpg",300,169,true],"medium":["https:\/\/curva1.com.ar\/wp-content\/uploads\/2013\/10\/0120.jpg",500,281,false],"medium_large":["https:\/\/curva1.com.ar\/wp-content\/uploads\/2013\/10\/0120.jpg",500,281,false],"large":["https:\/\/curva1.com.ar\/wp-content\/uploads\/2013\/10\/0120.jpg",500,281,false],"1536x1536":["https:\/\/curva1.com.ar\/wp-content\/uploads\/2013\/10\/0120.jpg",500,281,false],"2048x2048":["https:\/\/curva1.com.ar\/wp-content\/uploads\/2013\/10\/0120.jpg",500,281,false],"chromenews-featured":["https:\/\/curva1.com.ar\/wp-content\/uploads\/2013\/10\/0120.jpg",500,281,false],"chromenews-large":["https:\/\/curva1.com.ar\/wp-content\/uploads\/2013\/10\/0120.jpg",500,281,false],"chromenews-medium":["https:\/\/curva1.com.ar\/wp-content\/uploads\/2013\/10\/0120.jpg",500,281,false]},"author_info":{"display_name":"Jos\u00e9 Bravo","author_link":"https:\/\/curva1.com.ar\/?author=1"},"category_info":"<a href=\"https:\/\/curva1.com.ar\/?cat=6\" rel=\"category\">Nacionales<\/a>","tag_info":"Nacionales","comment_count":"0","_links":{"self":[{"href":"https:\/\/curva1.com.ar\/index.php?rest_route=\/wp\/v2\/posts\/9549","targetHints":{"allow":["GET"]}}],"collection":[{"href":"https:\/\/curva1.com.ar\/index.php?rest_route=\/wp\/v2\/posts"}],"about":[{"href":"https:\/\/curva1.com.ar\/index.php?rest_route=\/wp\/v2\/types\/post"}],"author":[{"embeddable":true,"href":"https:\/\/curva1.com.ar\/index.php?rest_route=\/wp\/v2\/users\/1"}],"replies":[{"embeddable":true,"href":"https:\/\/curva1.com.ar\/index.php?rest_route=%2Fwp%2Fv2%2Fcomments&post=9549"}],"version-history":[{"count":1,"href":"https:\/\/curva1.com.ar\/index.php?rest_route=\/wp\/v2\/posts\/9549\/revisions"}],"predecessor-version":[{"id":9551,"href":"https:\/\/curva1.com.ar\/index.php?rest_route=\/wp\/v2\/posts\/9549\/revisions\/9551"}],"wp:featuredmedia":[{"embeddable":true,"href":"https:\/\/curva1.com.ar\/index.php?rest_route=\/wp\/v2\/media\/9550"}],"wp:attachment":[{"href":"https:\/\/curva1.com.ar\/index.php?rest_route=%2Fwp%2Fv2%2Fmedia&parent=9549"}],"wp:term":[{"taxonomy":"category","embeddable":true,"href":"https:\/\/curva1.com.ar\/index.php?rest_route=%2Fwp%2Fv2%2Fcategories&post=9549"},{"taxonomy":"post_tag","embeddable":true,"href":"https:\/\/curva1.com.ar\/index.php?rest_route=%2Fwp%2Fv2%2Ftags&post=9549"}],"curies":[{"name":"wp","href":"https:\/\/api.w.org\/{rel}","templated":true}]}}