{"id":9571,"date":"2013-10-29T23:55:09","date_gmt":"2013-10-30T02:55:09","guid":{"rendered":"http:\/\/www.curva1.com.ar\/?p=9571"},"modified":"2013-10-29T23:55:09","modified_gmt":"2013-10-30T02:55:09","slug":"porque-el-mendocino-sebastian-halpern-no-corre-el-dakar-2014","status":"publish","type":"post","link":"https:\/\/curva1.com.ar\/?p=9571","title":{"rendered":"Porqu\u00e9 el mendocino Sebasti\u00e1n Halpern no corre el Dakar 2014"},"content":{"rendered":"<p><img loading=\"lazy\" decoding=\"async\" class=\"aligncenter size-full wp-image-9572\" alt=\"halpern131028-wpcf_608x358\" src=\"http:\/\/www.curva1.com.ar\/wp-content\/uploads\/2013\/10\/halpern131028-wpcf_608x358.jpg\" width=\"500\" height=\"281\" srcset=\"https:\/\/curva1.com.ar\/wp-content\/uploads\/2013\/10\/halpern131028-wpcf_608x358.jpg 500w, https:\/\/curva1.com.ar\/wp-content\/uploads\/2013\/10\/halpern131028-wpcf_608x358-300x169.jpg 300w\" sizes=\"auto, (max-width: 500px) 100vw, 500px\" \/><\/p>\n<p><strong>Sebasti\u00e1n Halpern<\/strong>\u00a0volvi\u00f3 este a\u00f1o a montar su Quad y demostr\u00f3 no haber perdido el ritmo de punta que lo puso en la cima de varias etapas de Dakar. Dejar\u00e1 pasar esta edici\u00f3n del rally raid, y\u00a0<strong>entrenar\u00e1 duro para el 2015<\/strong>.<\/p>\n<p>\u201c<em>Estoy muy contento con mi a\u00f1o deportivo ya que pude volver a andar bien y ganar una carrera tan dura como el Rally de Villa Uni\u00f3n<\/em>\u201c, afirm\u00f3 el campe\u00f3n de las temporadas 2009, 2010 y 2013.<\/p>\n<p>\u201c<em>El regreso me cost\u00f3 en lo f\u00edsico, pero en la segunda mitad del a\u00f1o me sent\u00ed mucho mejor y las cosas comenzaron a darse. Ahora, mi objetivo personal es mantener esta performance e\u00a0<strong>intentar recuperar el ritmo que ten\u00eda en 2011<\/strong><\/em>\u201c, manifest\u00f3 el piloto mendocino.<\/p>\n<p>Su t\u00e1ctica es seria: \u201c<em><strong>No creo que est\u00e9 en condiciones f\u00edsicas y mentales para enfrentar un desaf\u00edo como el Dakar<\/strong>\u00a0donde ten\u00e9s que estar al cien por cien. Decid\u00ed enfocarme en la pr\u00f3xima temporada del Cross Country y apuntar a la edici\u00f3n 2015 del Dakar<\/em>\u201c, concluy\u00f3.<\/p>\n<p>Campeones.<\/p>\n","protected":false},"excerpt":{"rendered":"<p>Sebasti\u00e1n Halpern\u00a0volvi\u00f3 este a\u00f1o a montar su Quad y demostr\u00f3 no haber perdido el ritmo<\/p>\n","protected":false},"author":1,"featured_media":9572,"comment_status":"open","ping_status":"closed","sticky":false,"template":"","format":"standard","meta":{"footnotes":""},"categories":[6],"tags":[],"class_list":["post-9571","post","type-post","status-publish","format-standard","has-post-thumbnail","hentry","category-nacionales"],"featured_image_urls":{"full":["https:\/\/curva1.com.ar\/wp-content\/uploads\/2013\/10\/halpern131028-wpcf_608x358.jpg",500,281,false],"thumbnail":["https:\/\/curva1.com.ar\/wp-content\/uploads\/2013\/10\/halpern131028-wpcf_608x358-300x169.jpg",300,169,true],"medium":["https:\/\/curva1.com.ar\/wp-content\/uploads\/2013\/10\/halpern131028-wpcf_608x358.jpg",500,281,false],"medium_large":["https:\/\/curva1.com.ar\/wp-content\/uploads\/2013\/10\/halpern131028-wpcf_608x358.jpg",500,281,false],"large":["https:\/\/curva1.com.ar\/wp-content\/uploads\/2013\/10\/halpern131028-wpcf_608x358.jpg",500,281,false],"1536x1536":["https:\/\/curva1.com.ar\/wp-content\/uploads\/2013\/10\/halpern131028-wpcf_608x358.jpg",500,281,false],"2048x2048":["https:\/\/curva1.com.ar\/wp-content\/uploads\/2013\/10\/halpern131028-wpcf_608x358.jpg",500,281,false],"chromenews-featured":["https:\/\/curva1.com.ar\/wp-content\/uploads\/2013\/10\/halpern131028-wpcf_608x358.jpg",500,281,false],"chromenews-large":["https:\/\/curva1.com.ar\/wp-content\/uploads\/2013\/10\/halpern131028-wpcf_608x358.jpg",500,281,false],"chromenews-medium":["https:\/\/curva1.com.ar\/wp-content\/uploads\/2013\/10\/halpern131028-wpcf_608x358.jpg",500,281,false]},"author_info":{"display_name":"Jos\u00e9 Bravo","author_link":"https:\/\/curva1.com.ar\/?author=1"},"category_info":"<a href=\"https:\/\/curva1.com.ar\/?cat=6\" rel=\"category\">Nacionales<\/a>","tag_info":"Nacionales","comment_count":"0","_links":{"self":[{"href":"https:\/\/curva1.com.ar\/index.php?rest_route=\/wp\/v2\/posts\/9571","targetHints":{"allow":["GET"]}}],"collection":[{"href":"https:\/\/curva1.com.ar\/index.php?rest_route=\/wp\/v2\/posts"}],"about":[{"href":"https:\/\/curva1.com.ar\/index.php?rest_route=\/wp\/v2\/types\/post"}],"author":[{"embeddable":true,"href":"https:\/\/curva1.com.ar\/index.php?rest_route=\/wp\/v2\/users\/1"}],"replies":[{"embeddable":true,"href":"https:\/\/curva1.com.ar\/index.php?rest_route=%2Fwp%2Fv2%2Fcomments&post=9571"}],"version-history":[{"count":1,"href":"https:\/\/curva1.com.ar\/index.php?rest_route=\/wp\/v2\/posts\/9571\/revisions"}],"predecessor-version":[{"id":9573,"href":"https:\/\/curva1.com.ar\/index.php?rest_route=\/wp\/v2\/posts\/9571\/revisions\/9573"}],"wp:featuredmedia":[{"embeddable":true,"href":"https:\/\/curva1.com.ar\/index.php?rest_route=\/wp\/v2\/media\/9572"}],"wp:attachment":[{"href":"https:\/\/curva1.com.ar\/index.php?rest_route=%2Fwp%2Fv2%2Fmedia&parent=9571"}],"wp:term":[{"taxonomy":"category","embeddable":true,"href":"https:\/\/curva1.com.ar\/index.php?rest_route=%2Fwp%2Fv2%2Fcategories&post=9571"},{"taxonomy":"post_tag","embeddable":true,"href":"https:\/\/curva1.com.ar\/index.php?rest_route=%2Fwp%2Fv2%2Ftags&post=9571"}],"curies":[{"name":"wp","href":"https:\/\/api.w.org\/{rel}","templated":true}]}}